{"id":36707,"date":"2025-11-05T17:41:53","date_gmt":"2025-11-05T17:41:53","guid":{"rendered":"http:\/\/gazetevizyon.com\/?p=36707"},"modified":"2025-11-05T17:41:53","modified_gmt":"2025-11-05T17:41:53","slug":"sindirgi-genel-hayata-etkili-afet-bolgesi-ilan-edildi","status":"publish","type":"post","link":"http:\/\/gazetevizyon.com\/?p=36707","title":{"rendered":"S\u0131nd\u0131rg\u0131, Genel Hayata Etkili Afet B\u00f6lgesi \u0130lan Edildi"},"content":{"rendered":"<p>\n<h2>S\u0131nd\u0131rg\u0131&#8217;da Afet B\u00f6lgesi Karar\u0131<\/h2>\n<p><\/p>\n<p>Bal\u0131kesir&#8217;in S\u0131\u0131nd\u0131rg\u0131 il\u00e7esi, \u0130\u00e7i\u015fleri Bakanl\u0131\u011f\u0131 Afet ve Acil Durum Y\u00f6netimi Ba\u015fkanl\u0131\u011f\u0131 (AFAD) taraf\u0131ndan &#8220;Genel Hayata Etkili Afet B\u00f6lgesi&#8221; ilan edildi. Bu karar, AFAD&#8217;\u0131n 1530876 say\u0131l\u0131 karar\u0131yla resmiyet kazand\u0131.<\/p>\n<\/p>\n<p><\/p>\n<p><h3>Acil Yard\u0131m ve Destek S\u00fcreci Ba\u015flad\u0131<\/h3>\n<p><\/p>\n<p>S\u00f6z konusu karar\u0131n ard\u0131ndan b\u00f6lgede <strong>afet b\u00f6lgesine y\u00f6nelik destek ve yard\u0131m s\u00fcre\u00e7leri<\/strong> derhal harekete ge\u00e7irildi. \u0130l\u00e2n s\u00fcreci, b\u00f6lgedeki ya\u015fam\u0131 do\u011frudan etkileyen afet durumlar\u0131na m\u00fcdahale ve iyile\u015ftirme \u00e7al\u0131\u015fmalar\u0131n\u0131 kaps\u0131yor.<\/p>\n<\/p>\n<p><\/p>\n<p><h3>Resmi S\u00fcre\u00e7 Nas\u0131l \u0130\u015fleyecek?<\/h3>\n<p><\/p>\n<p>AFAD&#8217;\u0131n ald\u0131\u011f\u0131 bu karar, b\u00f6lge i\u00e7in resmi afet yard\u0131mlar\u0131n\u0131n ve destek mekanizmalar\u0131n\u0131n devreye girmesinin \u00f6n\u00fcn\u00fc a\u00e7t\u0131. S\u0131nd\u0131rg\u0131 il\u00e7esinde ya\u015fayan vatanda\u015flar, bu kararla birlikte <strong>afet yard\u0131mlar\u0131ndan ve yasal haklardan<\/strong> yararlanabilecek.<\/p><\/p>\n","protected":false},"excerpt":{"rendered":"<p>S\u0131nd\u0131rg\u0131&#8217;da Afet B\u00f6lgesi Karar\u0131 Bal\u0131kesir&#8217;in S\u0131\u0131nd\u0131rg\u0131 il\u00e7esi, \u0130\u00e7i\u015fleri Bakanl\u0131\u011f\u0131 Afet ve Acil Durum Y\u00f6netimi Ba\u015fkanl\u0131\u011f\u0131 (AFAD) taraf\u0131ndan &#8220;Genel Hayata Etkili Afet B\u00f6lgesi&#8221; ilan edildi. Bu karar, AFAD&#8217;\u0131n 1530876 say\u0131l\u0131 karar\u0131yla resmiyet kazand\u0131. Acil Yard\u0131m ve Destek S\u00fcreci Ba\u015flad\u0131 S\u00f6z konusu&#8230;<\/p>\n","protected":false},"author":1,"featured_media":36708,"comment_status":"closed","ping_status":"closed","sticky":false,"template":"","format":"standard","meta":{"footnotes":""},"categories":[36],"tags":[],"class_list":["post-36707","post","type-post","status-publish","format-standard","has-post-thumbnail","hentry","category-manset"],"_links":{"self":[{"href":"http:\/\/gazetevizyon.com\/index.php?rest_route=\/wp\/v2\/posts\/36707","targetHints":{"allow":["GET"]}}],"collection":[{"href":"http:\/\/gazetevizyon.com\/index.php?rest_route=\/wp\/v2\/posts"}],"about":[{"href":"http:\/\/gazetevizyon.com\/index.php?rest_route=\/wp\/v2\/types\/post"}],"author":[{"embeddable":true,"href":"http:\/\/gazetevizyon.com\/index.php?rest_route=\/wp\/v2\/users\/1"}],"replies":[{"embeddable":true,"href":"http:\/\/gazetevizyon.com\/index.php?rest_route=%2Fwp%2Fv2%2Fcomments&post=36707"}],"version-history":[{"count":1,"href":"http:\/\/gazetevizyon.com\/index.php?rest_route=\/wp\/v2\/posts\/36707\/revisions"}],"predecessor-version":[{"id":36719,"href":"http:\/\/gazetevizyon.com\/index.php?rest_route=\/wp\/v2\/posts\/36707\/revisions\/36719"}],"wp:featuredmedia":[{"embeddable":true,"href":"http:\/\/gazetevizyon.com\/index.php?rest_route=\/wp\/v2\/media\/36708"}],"wp:attachment":[{"href":"http:\/\/gazetevizyon.com\/index.php?rest_route=%2Fwp%2Fv2%2Fmedia&parent=36707"}],"wp:term":[{"taxonomy":"category","embeddable":true,"href":"http:\/\/gazetevizyon.com\/index.php?rest_route=%2Fwp%2Fv2%2Fcategories&post=36707"},{"taxonomy":"post_tag","embeddable":true,"href":"http:\/\/gazetevizyon.com\/index.php?rest_route=%2Fwp%2Fv2%2Ftags&post=36707"}],"curies":[{"name":"wp","href":"https:\/\/api.w.org\/{rel}","templated":true}]}}