{"id":37141,"date":"2025-11-18T21:36:40","date_gmt":"2025-11-18T21:36:40","guid":{"rendered":"http:\/\/gazetevizyon.com\/?p=37141"},"modified":"2025-11-18T21:36:40","modified_gmt":"2025-11-18T21:36:40","slug":"bandirma-muftusu-dr-abdulhamid-pehlivana-akademik-ziyaret","status":"publish","type":"post","link":"http:\/\/gazetevizyon.com\/?p=37141","title":{"rendered":"Band\u0131rma M\u00fcft\u00fcs\u00fc Dr. Abdulhamid Pehlivan&#8217;a Akademik Ziyaret"},"content":{"rendered":"<p>\n<h2>\u00dcniversite Temsilcilerinden M\u00fcft\u00fcl\u00fckte Nezaket Ziyareti<\/h2>\n<p><\/p>\n<p>Band\u0131rma \u0130l\u00e7e M\u00fcft\u00fcs\u00fc Dr. Abdulhamid Pehlivan, makam\u0131nda \u00f6nemli bir ziyaret\u00e7i a\u011f\u0131rlad\u0131. Band\u0131rma 17 Eyl\u00fcl \u00dcniversitesi&#8217;nden emekli Genel Sekreter Cihangir Boz ve \u0130lahiyat Fak\u00fcltesi \u00f6\u011fretim \u00fcyesi Dr. Hasan T\u00fcrkmen, m\u00fcft\u00fcy\u00fc ziyaret ederek kurumsal diyalo\u011fu g\u00fc\u00e7lendirdi.<\/p>\n<\/p>\n<p><\/p>\n<p><h3>Ziyaret\u00e7i Heyetin Profili<\/h3>\n<p><\/p>\n<p>Ziyaret ekibini, \u00fcniversitenin idari tecr\u00fcbesiyle tan\u0131nan emekli Genel Sekreter Cihangir Boz ve \u0130lahiyat Fak\u00fcltesi Kelam Anabilim Dal\u0131&#8217;nda g\u00f6rev yapan Dr. Hasan T\u00fcrkmen olu\u015fturdu. Bu ziyaret, <strong>\u00fcniversite<\/p>\n<ul>\n<li>m\u00fcft\u00fcl\u00fck i\u015f birli\u011fi<\/strong> a\u00e7\u0131s\u0131ndan anlaml\u0131 bir ad\u0131m olarak de\u011ferlendiriliyor.<\/p>\n<\/li>\n<\/ul>\n<p><\/p>\n<p><h3>Ziyaretin Ard\u0131ndan Te\u015fekk\u00fcr<\/h3>\n<p><\/p>\n<p>Band\u0131rma M\u00fcft\u00fcl\u00fc\u011f\u00fc, ger\u00e7ekle\u015fen ziyaretin ard\u0131ndan bir te\u015fekk\u00fcr mesaj\u0131 yay\u0131nlad\u0131. M\u00fcft\u00fcl\u00fck, Cihangir Boz ve Dr. Hasan T\u00fcrkmen&#8217;e g\u00f6sterdikleri nezaket ve ilgiden dolay\u0131 resmi sosyal medya hesab\u0131 \u00fczerinden memnuniyetini iletti.<\/p><\/p>\n","protected":false},"excerpt":{"rendered":"<p>\u00dcniversite Temsilcilerinden M\u00fcft\u00fcl\u00fckte Nezaket Ziyareti Band\u0131rma \u0130l\u00e7e M\u00fcft\u00fcs\u00fc Dr. Abdulhamid Pehlivan, makam\u0131nda \u00f6nemli bir ziyaret\u00e7i a\u011f\u0131rlad\u0131. Band\u0131rma 17 Eyl\u00fcl \u00dcniversitesi&#8217;nden emekli Genel Sekreter Cihangir Boz ve \u0130lahiyat Fak\u00fcltesi \u00f6\u011fretim \u00fcyesi Dr. Hasan T\u00fcrkmen, m\u00fcft\u00fcy\u00fc ziyaret ederek kurumsal diyalo\u011fu g\u00fc\u00e7lendirdi. Ziyaret\u00e7i&#8230;<\/p>\n","protected":false},"author":1,"featured_media":37142,"comment_status":"closed","ping_status":"closed","sticky":false,"template":"","format":"standard","meta":{"footnotes":""},"categories":[36],"tags":[],"class_list":["post-37141","post","type-post","status-publish","format-standard","has-post-thumbnail","hentry","category-manset"],"_links":{"self":[{"href":"http:\/\/gazetevizyon.com\/index.php?rest_route=\/wp\/v2\/posts\/37141","targetHints":{"allow":["GET"]}}],"collection":[{"href":"http:\/\/gazetevizyon.com\/index.php?rest_route=\/wp\/v2\/posts"}],"about":[{"href":"http:\/\/gazetevizyon.com\/index.php?rest_route=\/wp\/v2\/types\/post"}],"author":[{"embeddable":true,"href":"http:\/\/gazetevizyon.com\/index.php?rest_route=\/wp\/v2\/users\/1"}],"replies":[{"embeddable":true,"href":"http:\/\/gazetevizyon.com\/index.php?rest_route=%2Fwp%2Fv2%2Fcomments&post=37141"}],"version-history":[{"count":1,"href":"http:\/\/gazetevizyon.com\/index.php?rest_route=\/wp\/v2\/posts\/37141\/revisions"}],"predecessor-version":[{"id":37148,"href":"http:\/\/gazetevizyon.com\/index.php?rest_route=\/wp\/v2\/posts\/37141\/revisions\/37148"}],"wp:featuredmedia":[{"embeddable":true,"href":"http:\/\/gazetevizyon.com\/index.php?rest_route=\/wp\/v2\/media\/37142"}],"wp:attachment":[{"href":"http:\/\/gazetevizyon.com\/index.php?rest_route=%2Fwp%2Fv2%2Fmedia&parent=37141"}],"wp:term":[{"taxonomy":"category","embeddable":true,"href":"http:\/\/gazetevizyon.com\/index.php?rest_route=%2Fwp%2Fv2%2Fcategories&post=37141"},{"taxonomy":"post_tag","embeddable":true,"href":"http:\/\/gazetevizyon.com\/index.php?rest_route=%2Fwp%2Fv2%2Ftags&post=37141"}],"curies":[{"name":"wp","href":"https:\/\/api.w.org\/{rel}","templated":true}]}}