{"id":37161,"date":"2025-11-19T20:49:50","date_gmt":"2025-11-19T20:49:50","guid":{"rendered":"http:\/\/gazetevizyon.com\/?p=37161"},"modified":"2025-11-19T20:49:50","modified_gmt":"2025-11-19T20:49:50","slug":"balikesir-korolar-maratonu-sanatseverleri-bulusturuyor","status":"publish","type":"post","link":"http:\/\/gazetevizyon.com\/?p=37161","title":{"rendered":"Bal\u0131kesir Korolar Maratonu, Sanatseverleri Bulu\u015fturuyor"},"content":{"rendered":"<p>\n<h2>Koro Festivale B\u00fcy\u00fck \u0130lgi<\/h2>\n<p><\/p>\n<p>Bal\u0131kesir, m\u00fczi\u011fin birle\u015ftirici g\u00fcc\u00fcne ev sahipli\u011fi yapmaya haz\u0131rlan\u0131yor. <strong>Bal\u0131kesir Korolar Maratonu<\/strong>, 22<\/p>\n<ul>\n<li>23 Kas\u0131m tarihlerinde sanatseverlerle bulu\u015facak. Etkinlik, koro m\u00fczi\u011fine g\u00f6n\u00fcl verenleri ayn\u0131 \u00e7at\u0131 alt\u0131nda toplayacak.<\/p>\n<\/li>\n<p><\/p>\n<p><h3>Nerede ve Ne Zaman?<\/h3>\n<p><\/p>\n<p>M\u00fczik dolu iki g\u00fcn, Bal\u0131kesir&#8217;in g\u00f6zde mekanlar\u0131ndan <strong>Avlu Kongre ve K\u00fclt\u00fcr Merkezi&#8217;nde<\/strong> ya\u015fanacak. Kat\u0131l\u0131mc\u0131lar, 22 Kas\u0131m Per\u015fembe ve 23 Kas\u0131m Cuma g\u00fcnlerinde birbirinden de\u011ferli koro performanslar\u0131n\u0131 dinleme f\u0131rsat\u0131 bulacak.<\/p>\n<\/p>\n<p><\/p>\n<p><h3>Sanat\u0131n B\u00fcy\u00fcs\u00fcne Davet<\/h3>\n<p><\/p>\n<p>Etkinlik, \u015fehrin k\u00fclt\u00fcr ve sanat hayat\u0131na \u00f6nemli bir katk\u0131 sunmay\u0131 hedefliyor. Organizasyon, farkl\u0131 ya\u015f ve\u80cc\u666f gruplar\u0131ndan korolar\u0131n sahne alaca\u011f\u0131 bir platform olacak. Sanatseverler, iki g\u00fcn boyunca s\u00fcrecek bu \u00f6zel maratona \u00fccretsiz olarak kat\u0131labilecek.<\/p>\n<\/p>\n<p><\/p>\n<p><h3>Etkinli\u011fin \u00d6nemli Detaylar\u0131<\/h3>\n<p><\/p>\n<ul><\/p>\n<li><strong>Tarih:<\/strong> 22\n<li>23 Kas\u0131m 2023<\/li>\n<\/li>\n<p><\/p>\n<li><strong>Mekan:<\/strong> Avlu Kongre ve K\u00fclt\u00fcr Merkezi, Bal\u0131kesir<\/li>\n<p><\/p>\n<li><strong>\u0130\u00e7erik:<\/strong> \u00c7ok sesli koro performanslar\u0131<\/li>\n<p><\/p>\n<li><strong>Kat\u0131l\u0131m:<\/strong> \u00dccretsiz<\/li>\n<\/ul>\n<p><\/ul>\n<p><\/p>\n<p>Bal\u0131kesir B\u00fcy\u00fck\u015fehir Belediyesi&#8217;nin d\u00fczenledi\u011fi bu organizasyon, koro m\u00fczi\u011fini daha geni\u015f kitlelere ula\u015ft\u0131rmay\u0131 ama\u00e7l\u0131yor.<\/p><\/p>\n","protected":false},"excerpt":{"rendered":"<p>Koro Festivale B\u00fcy\u00fck \u0130lgi Bal\u0131kesir, m\u00fczi\u011fin birle\u015ftirici g\u00fcc\u00fcne ev sahipli\u011fi yapmaya haz\u0131rlan\u0131yor. Bal\u0131kesir Korolar Maratonu, 22 23 Kas\u0131m tarihlerinde sanatseverlerle bulu\u015facak. Etkinlik, koro m\u00fczi\u011fine g\u00f6n\u00fcl verenleri ayn\u0131 \u00e7at\u0131 alt\u0131nda toplayacak. Nerede ve Ne Zaman? M\u00fczik dolu iki g\u00fcn, Bal\u0131kesir&#8217;in g\u00f6zde&#8230;<\/p>\n","protected":false},"author":1,"featured_media":37162,"comment_status":"closed","ping_status":"closed","sticky":false,"template":"","format":"standard","meta":{"footnotes":""},"categories":[36],"tags":[],"class_list":["post-37161","post","type-post","status-publish","format-standard","has-post-thumbnail","hentry","category-manset"],"_links":{"self":[{"href":"http:\/\/gazetevizyon.com\/index.php?rest_route=\/wp\/v2\/posts\/37161","targetHints":{"allow":["GET"]}}],"collection":[{"href":"http:\/\/gazetevizyon.com\/index.php?rest_route=\/wp\/v2\/posts"}],"about":[{"href":"http:\/\/gazetevizyon.com\/index.php?rest_route=\/wp\/v2\/types\/post"}],"author":[{"embeddable":true,"href":"http:\/\/gazetevizyon.com\/index.php?rest_route=\/wp\/v2\/users\/1"}],"replies":[{"embeddable":true,"href":"http:\/\/gazetevizyon.com\/index.php?rest_route=%2Fwp%2Fv2%2Fcomments&post=37161"}],"version-history":[{"count":1,"href":"http:\/\/gazetevizyon.com\/index.php?rest_route=\/wp\/v2\/posts\/37161\/revisions"}],"predecessor-version":[{"id":37174,"href":"http:\/\/gazetevizyon.com\/index.php?rest_route=\/wp\/v2\/posts\/37161\/revisions\/37174"}],"wp:featuredmedia":[{"embeddable":true,"href":"http:\/\/gazetevizyon.com\/index.php?rest_route=\/wp\/v2\/media\/37162"}],"wp:attachment":[{"href":"http:\/\/gazetevizyon.com\/index.php?rest_route=%2Fwp%2Fv2%2Fmedia&parent=37161"}],"wp:term":[{"taxonomy":"category","embeddable":true,"href":"http:\/\/gazetevizyon.com\/index.php?rest_route=%2Fwp%2Fv2%2Fcategories&post=37161"},{"taxonomy":"post_tag","embeddable":true,"href":"http:\/\/gazetevizyon.com\/index.php?rest_route=%2Fwp%2Fv2%2Ftags&post=37161"}],"curies":[{"name":"wp","href":"https:\/\/api.w.org\/{rel}","templated":true}]}}