{"id":37171,"date":"2025-11-19T22:32:30","date_gmt":"2025-11-19T22:32:30","guid":{"rendered":"http:\/\/gazetevizyon.com\/?p=37171"},"modified":"2025-11-19T22:32:30","modified_gmt":"2025-11-19T22:32:30","slug":"balikesir-buyuksehir-belediye-baskani-ticaret-odalari-ve-borsa-ziyaretlerine-tesekkur-etti","status":"publish","type":"post","link":"http:\/\/gazetevizyon.com\/?p=37171","title":{"rendered":"Bal\u0131kesir B\u00fcy\u00fck\u015fehir Belediye Ba\u015fkan\u0131, Ticaret Odalar\u0131 ve Borsa Ziyaretlerine Te\u015fekk\u00fcr Etti"},"content":{"rendered":"<p>\n<h2>Bal\u0131kesir&#8217;de Ekonomi ve Sanat D\u00fcnyas\u0131ndan \u00d6nemli Ziyaretler<\/h2>\n<p><\/p>\n<p>Bal\u0131kesir B\u00fcy\u00fck\u015fehir Belediye Ba\u015fkan\u0131 Ahmet Ak\u0131n, il\u00e7elerdeki ticaret odalar\u0131 ve borsa temsilcileri taraf\u0131ndan ger\u00e7ekle\u015ftirilen ziyaretlerin ard\u0131ndan bir te\u015fekk\u00fcr mesaj\u0131 yay\u0131nlad\u0131. Ba\u015fkan Ak\u0131n, bu ziyaretlerin kent i\u00e7in <strong>pozitif bir yakla\u015f\u0131m ve i\u015f birli\u011fi sinyali<\/strong> ta\u015f\u0131d\u0131\u011f\u0131n\u0131 vurgulad\u0131.<\/p>\n<\/p>\n<p><\/p>\n<p><h3>Hangi Kurumlar Ziyarette Bulundu?<\/h3>\n<p><\/p>\n<p>Ziyaret kapsam\u0131nda, Bal\u0131kesir&#8217;in \u00f6nemli ticaret merkezlerinden temsilciler Ba\u015fkan Ahmet Ak\u0131n&#8217;\u0131 ziyaret etti. Bu temsilciler aras\u0131nda \u015fu isimler yer ald\u0131:<\/p>\n<p><\/p>\n<ul>    <\/p>\n<ul>\n<li><strong>Edremit Ticaret Odas\u0131:<\/strong> Y\u00f6netim Kurulu Ba\u015fkan\u0131 Ahmet \u00c7etin, y\u00f6netim kurulu \u00fcyeleri ve ressam Serhan Kerestecio\u011flu.<\/li>\n<p>    <\/p>\n<li><strong>G\u00f6nen Ticaret Odas\u0131:<\/strong> Y\u00f6netim Kurulu Ba\u015fkan\u0131 \u0130smail Mutlu.<\/li>\n<p>    <\/p>\n<li><strong>Band\u0131rma Ticaret Borsas\u0131:<\/strong> Ba\u015fkan\u0131 Can Ata Tan ve y\u00f6netim kurulu \u00fcyeleri.<\/li>\n<\/ul>\n<p><\/ul>\n<p><\/p>\n<p>Bu ziyaretler, yerel y\u00f6netim ile ekonomi ve sanat d\u00fcnyas\u0131 aras\u0131ndaki <strong>diyalog ve i\u015f birli\u011fini g\u00fc\u00e7lendirmeyi<\/strong> ama\u00e7lad\u0131.<\/p>\n<\/p>\n<p><\/p>\n<p><h3>Pozitif \u0130\u015f Birli\u011fi Vurgusu<\/h3>\n<p><\/p>\n<p>Belediye Ba\u015fkan\u0131 Ahmet Ak\u0131n, yapt\u0131\u011f\u0131 a\u00e7\u0131klamada ziyaretlerden duydu\u011fu memnuniyeti dile getirdi. Ak\u0131n, bu bulu\u015fmalar\u0131n kentin ekonomik ve sosyal kalk\u0131nmas\u0131na y\u00f6nelik <strong>ortak \u00e7al\u0131\u015fmalar i\u00e7in \u00f6nemli bir ad\u0131m<\/strong> oldu\u011funun alt\u0131n\u0131 \u00e7izdi. Ziyaretlerin, Bal\u0131kesir&#8217;in kalk\u0131nmas\u0131na katk\u0131 sa\u011flayacak projelerde birlikte hareket etme konusunda olumlu bir atmosfer yaratt\u0131\u011f\u0131 belirtildi.<\/p><\/p>\n","protected":false},"excerpt":{"rendered":"<p>Bal\u0131kesir&#8217;de Ekonomi ve Sanat D\u00fcnyas\u0131ndan \u00d6nemli Ziyaretler Bal\u0131kesir B\u00fcy\u00fck\u015fehir Belediye Ba\u015fkan\u0131 Ahmet Ak\u0131n, il\u00e7elerdeki ticaret odalar\u0131 ve borsa temsilcileri taraf\u0131ndan ger\u00e7ekle\u015ftirilen ziyaretlerin ard\u0131ndan bir te\u015fekk\u00fcr mesaj\u0131 yay\u0131nlad\u0131. Ba\u015fkan Ak\u0131n, bu ziyaretlerin kent i\u00e7in pozitif bir yakla\u015f\u0131m ve i\u015f birli\u011fi sinyali&#8230;<\/p>\n","protected":false},"author":1,"featured_media":37172,"comment_status":"closed","ping_status":"closed","sticky":false,"template":"","format":"standard","meta":{"footnotes":""},"categories":[36],"tags":[],"class_list":["post-37171","post","type-post","status-publish","format-standard","has-post-thumbnail","hentry","category-manset"],"_links":{"self":[{"href":"http:\/\/gazetevizyon.com\/index.php?rest_route=\/wp\/v2\/posts\/37171","targetHints":{"allow":["GET"]}}],"collection":[{"href":"http:\/\/gazetevizyon.com\/index.php?rest_route=\/wp\/v2\/posts"}],"about":[{"href":"http:\/\/gazetevizyon.com\/index.php?rest_route=\/wp\/v2\/types\/post"}],"author":[{"embeddable":true,"href":"http:\/\/gazetevizyon.com\/index.php?rest_route=\/wp\/v2\/users\/1"}],"replies":[{"embeddable":true,"href":"http:\/\/gazetevizyon.com\/index.php?rest_route=%2Fwp%2Fv2%2Fcomments&post=37171"}],"version-history":[{"count":1,"href":"http:\/\/gazetevizyon.com\/index.php?rest_route=\/wp\/v2\/posts\/37171\/revisions"}],"predecessor-version":[{"id":37175,"href":"http:\/\/gazetevizyon.com\/index.php?rest_route=\/wp\/v2\/posts\/37171\/revisions\/37175"}],"wp:featuredmedia":[{"embeddable":true,"href":"http:\/\/gazetevizyon.com\/index.php?rest_route=\/wp\/v2\/media\/37172"}],"wp:attachment":[{"href":"http:\/\/gazetevizyon.com\/index.php?rest_route=%2Fwp%2Fv2%2Fmedia&parent=37171"}],"wp:term":[{"taxonomy":"category","embeddable":true,"href":"http:\/\/gazetevizyon.com\/index.php?rest_route=%2Fwp%2Fv2%2Fcategories&post=37171"},{"taxonomy":"post_tag","embeddable":true,"href":"http:\/\/gazetevizyon.com\/index.php?rest_route=%2Fwp%2Fv2%2Ftags&post=37171"}],"curies":[{"name":"wp","href":"https:\/\/api.w.org\/{rel}","templated":true}]}}