{"id":37278,"date":"2025-11-21T23:58:22","date_gmt":"2025-11-21T23:58:22","guid":{"rendered":"http:\/\/gazetevizyon.com\/?p=37278"},"modified":"2025-11-21T23:58:22","modified_gmt":"2025-11-21T23:58:22","slug":"uc-aylarin-mubarek-vakti-basliyor-recep-saban-ve-ramazana-hazirlik","status":"publish","type":"post","link":"http:\/\/gazetevizyon.com\/?p=37278","title":{"rendered":"\u00dc\u00e7 Aylar\u0131n M\u00fcbarek Vakti Ba\u015fl\u0131yor: Recep, \u015eaban ve Ramazan&#8217;a Haz\u0131rl\u0131k"},"content":{"rendered":"<p>\n<h2>\u00dc\u00e7 Aylar\u0131n Mana ve \u00d6nemi<\/h2>\n<p><\/p>\n<p>M\u00fcsl\u00fcmanlar i\u00e7in b\u00fcy\u00fck bir manevi de\u011fer ta\u015f\u0131yan <strong>\u00fc\u00e7 aylar<\/strong> olarak bilinen Recep, \u015eaban ve Ramazan aylar\u0131 yakla\u015f\u0131yor. Bu m\u00fcbarek zaman dilimi, ibadetlerin, dualar\u0131n ve manevi haz\u0131rl\u0131\u011f\u0131n yo\u011funla\u015ft\u0131\u011f\u0131 bir d\u00f6nem olarak kabul ediliyor.<\/p>\n<\/p>\n<p><\/p>\n<p><h3>Ba\u015flang\u0131\u00e7 ve Dualar<\/h3>\n<p><\/p>\n<p>Bu aylar\u0131n ba\u015flang\u0131c\u0131nda, &#8220;Allah&#8217;\u0131m, Recep ve \u015eaban aylar\u0131n\u0131 bize m\u00fcbarek k\u0131l ve bizi Ramazan&#8217;a ula\u015ft\u0131r.&#8221; \u015feklindeki yayg\u0131n dua, inananlar taraf\u0131ndan s\u0131k\u00e7a okunur. Bu dua, <strong>\u00fc\u00e7 aylar\u0131n<\/strong> bereketini talep etmeyi ve sa\u011fl\u0131kla Ramazan ay\u0131na kavu\u015fmay\u0131 dile getirir.<\/p>\n<\/p>\n<p><\/p>\n<p><h2>Manevi Bir Yolculuk<\/h2>\n<p><\/p>\n<p>Recep ay\u0131 ile ba\u015flayan s\u00fcre\u00e7, \u015eaban ay\u0131 ile devam eder ve Ramazan ay\u0131n\u0131n heyecan\u0131yla son bulur. Bu aylar, M\u00fcsl\u00fcmanlar i\u00e7in bir <strong>manevi yolculuk<\/strong> ve ar\u0131nma f\u0131rsat\u0131 sunmaktad\u0131r. \u0130badetler, oru\u00e7, t\u00f6vbe ve hay\u0131r i\u015flerine a\u011f\u0131rl\u0131k verilen bu d\u00f6nem, ayn\u0131 zamanda <strong>Cennet<\/strong> m\u00fcjdesiyle de an\u0131l\u0131r.<\/p>\n<\/p>\n<p><\/p>\n<p><h3>Toplumsal ve Bireysel Etkileri<\/h3>\n<p><\/p>\n<p>\u00dc\u00e7 aylar, sadece bireysel de\u011fil, toplumsal manevi hayat\u0131 da canland\u0131r\u0131r. Camilerde artan cemaat, okunan mevlitler ve yap\u0131lan hay\u0131rlar, toplumda bir dayan\u0131\u015fma ve huzur atmosferi olu\u015fturur.<\/p><\/p>\n","protected":false},"excerpt":{"rendered":"<p>\u00dc\u00e7 Aylar\u0131n Mana ve \u00d6nemi M\u00fcsl\u00fcmanlar i\u00e7in b\u00fcy\u00fck bir manevi de\u011fer ta\u015f\u0131yan \u00fc\u00e7 aylar olarak bilinen Recep, \u015eaban ve Ramazan aylar\u0131 yakla\u015f\u0131yor. Bu m\u00fcbarek zaman dilimi, ibadetlerin, dualar\u0131n ve manevi haz\u0131rl\u0131\u011f\u0131n yo\u011funla\u015ft\u0131\u011f\u0131 bir d\u00f6nem olarak kabul ediliyor. Ba\u015flang\u0131\u00e7 ve Dualar&#8230;<\/p>\n","protected":false},"author":1,"featured_media":37279,"comment_status":"closed","ping_status":"closed","sticky":false,"template":"","format":"standard","meta":{"footnotes":""},"categories":[36],"tags":[],"class_list":["post-37278","post","type-post","status-publish","format-standard","has-post-thumbnail","hentry","category-manset"],"_links":{"self":[{"href":"http:\/\/gazetevizyon.com\/index.php?rest_route=\/wp\/v2\/posts\/37278","targetHints":{"allow":["GET"]}}],"collection":[{"href":"http:\/\/gazetevizyon.com\/index.php?rest_route=\/wp\/v2\/posts"}],"about":[{"href":"http:\/\/gazetevizyon.com\/index.php?rest_route=\/wp\/v2\/types\/post"}],"author":[{"embeddable":true,"href":"http:\/\/gazetevizyon.com\/index.php?rest_route=\/wp\/v2\/users\/1"}],"replies":[{"embeddable":true,"href":"http:\/\/gazetevizyon.com\/index.php?rest_route=%2Fwp%2Fv2%2Fcomments&post=37278"}],"version-history":[{"count":1,"href":"http:\/\/gazetevizyon.com\/index.php?rest_route=\/wp\/v2\/posts\/37278\/revisions"}],"predecessor-version":[{"id":37280,"href":"http:\/\/gazetevizyon.com\/index.php?rest_route=\/wp\/v2\/posts\/37278\/revisions\/37280"}],"wp:featuredmedia":[{"embeddable":true,"href":"http:\/\/gazetevizyon.com\/index.php?rest_route=\/wp\/v2\/media\/37279"}],"wp:attachment":[{"href":"http:\/\/gazetevizyon.com\/index.php?rest_route=%2Fwp%2Fv2%2Fmedia&parent=37278"}],"wp:term":[{"taxonomy":"category","embeddable":true,"href":"http:\/\/gazetevizyon.com\/index.php?rest_route=%2Fwp%2Fv2%2Fcategories&post=37278"},{"taxonomy":"post_tag","embeddable":true,"href":"http:\/\/gazetevizyon.com\/index.php?rest_route=%2Fwp%2Fv2%2Ftags&post=37278"}],"curies":[{"name":"wp","href":"https:\/\/api.w.org\/{rel}","templated":true}]}}