{"id":37724,"date":"2025-12-01T19:18:03","date_gmt":"2025-12-01T19:18:03","guid":{"rendered":"http:\/\/gazetevizyon.com\/?p=37724"},"modified":"2025-12-01T19:18:03","modified_gmt":"2025-12-01T19:18:03","slug":"ak-parti-susurluk-ilce-baskani-ve-teskilat-baskani-gazi-mecliste-ziyaret-gerceklestirdi","status":"publish","type":"post","link":"http:\/\/gazetevizyon.com\/?p=37724","title":{"rendered":"AK Parti Susurluk \u0130l\u00e7e Ba\u015fkan\u0131 ve Te\u015fkilat Ba\u015fkan\u0131, Gazi Meclis&#8217;te Ziyaret Ger\u00e7ekle\u015ftirdi"},"content":{"rendered":"<p>\n<h2>Gazi Meclis&#8217;te Te\u015fkilat Ziyareti<\/h2>\n<p><\/p>\n<p>AK Parti Susurluk \u0130l\u00e7e Ba\u015fkan\u0131 \u015eafak Mut ve \u0130l\u00e7e Te\u015fkilat Ba\u015fkan\u0131 C\u00fcneyt Akku\u015f, TBMM&#8217;yi ziyaret ederek parti temsilcileriyle g\u00f6r\u00fc\u015fme f\u0131rsat\u0131 buldu. Ziyaret, parti i\u00e7i koordinasyon ve isti\u015fareler kapsam\u0131nda ger\u00e7ekle\u015fti.<\/p>\n<\/p>\n<p><\/p>\n<p><h3>Nazik Ziyaretin Ard\u0131ndan Te\u015fekk\u00fcr<\/h3>\n<p><\/p>\n<p>Ziyaretin ard\u0131ndan bir a\u00e7\u0131klama yapan parti temsilcisi, <strong>&#8220;Gazi Meclisimizde bizleri ziyarete gelen Susurluk \u0130l\u00e7e Ba\u015fkan\u0131m\u0131z \u015eafak Mut ve \u0130l\u00e7e Te\u015fkilat Ba\u015fkan\u0131m\u0131z C\u00fcneyt Akku\u015f&#8217;a nazik ziyaretleri i\u00e7in te\u015fekk\u00fcr ediyorum&#8221;<\/strong> ifadelerini kulland\u0131. Bu ziyaretin, merkez ile yerel te\u015fkilat aras\u0131ndaki ba\u011flar\u0131 g\u00fc\u00e7lendirdi\u011fi vurguland\u0131.<\/p>\n<\/p>\n<p><\/p>\n<p><p>G\u00f6r\u00fc\u015fmede, il\u00e7e d\u00fczeyindeki \u00e7al\u0131\u015fmalar ve yerel y\u00f6netimlerle i\u015f birli\u011fi konular\u0131n\u0131n ele al\u0131nd\u0131\u011f\u0131 \u00f6\u011frenildi. Ziyaret, partinin farkl\u0131 kademeleri aras\u0131ndaki diyalo\u011fun \u00f6nemine dair bir \u00f6rnek te\u015fkil etti.<\/p><\/p>\n","protected":false},"excerpt":{"rendered":"<p>Gazi Meclis&#8217;te Te\u015fkilat Ziyareti AK Parti Susurluk \u0130l\u00e7e Ba\u015fkan\u0131 \u015eafak Mut ve \u0130l\u00e7e Te\u015fkilat Ba\u015fkan\u0131 C\u00fcneyt Akku\u015f, TBMM&#8217;yi ziyaret ederek parti temsilcileriyle g\u00f6r\u00fc\u015fme f\u0131rsat\u0131 buldu. Ziyaret, parti i\u00e7i koordinasyon ve isti\u015fareler kapsam\u0131nda ger\u00e7ekle\u015fti. Nazik Ziyaretin Ard\u0131ndan Te\u015fekk\u00fcr Ziyaretin ard\u0131ndan bir&#8230;<\/p>\n","protected":false},"author":1,"featured_media":37725,"comment_status":"closed","ping_status":"closed","sticky":false,"template":"","format":"standard","meta":{"footnotes":""},"categories":[23],"tags":[],"class_list":["post-37724","post","type-post","status-publish","format-standard","has-post-thumbnail","hentry","category-siyaset"],"_links":{"self":[{"href":"http:\/\/gazetevizyon.com\/index.php?rest_route=\/wp\/v2\/posts\/37724","targetHints":{"allow":["GET"]}}],"collection":[{"href":"http:\/\/gazetevizyon.com\/index.php?rest_route=\/wp\/v2\/posts"}],"about":[{"href":"http:\/\/gazetevizyon.com\/index.php?rest_route=\/wp\/v2\/types\/post"}],"author":[{"embeddable":true,"href":"http:\/\/gazetevizyon.com\/index.php?rest_route=\/wp\/v2\/users\/1"}],"replies":[{"embeddable":true,"href":"http:\/\/gazetevizyon.com\/index.php?rest_route=%2Fwp%2Fv2%2Fcomments&post=37724"}],"version-history":[{"count":1,"href":"http:\/\/gazetevizyon.com\/index.php?rest_route=\/wp\/v2\/posts\/37724\/revisions"}],"predecessor-version":[{"id":37734,"href":"http:\/\/gazetevizyon.com\/index.php?rest_route=\/wp\/v2\/posts\/37724\/revisions\/37734"}],"wp:featuredmedia":[{"embeddable":true,"href":"http:\/\/gazetevizyon.com\/index.php?rest_route=\/wp\/v2\/media\/37725"}],"wp:attachment":[{"href":"http:\/\/gazetevizyon.com\/index.php?rest_route=%2Fwp%2Fv2%2Fmedia&parent=37724"}],"wp:term":[{"taxonomy":"category","embeddable":true,"href":"http:\/\/gazetevizyon.com\/index.php?rest_route=%2Fwp%2Fv2%2Fcategories&post=37724"},{"taxonomy":"post_tag","embeddable":true,"href":"http:\/\/gazetevizyon.com\/index.php?rest_route=%2Fwp%2Fv2%2Ftags&post=37724"}],"curies":[{"name":"wp","href":"https:\/\/api.w.org\/{rel}","templated":true}]}}