{"id":37728,"date":"2025-12-01T19:19:47","date_gmt":"2025-12-01T19:19:47","guid":{"rendered":"http:\/\/gazetevizyon.com\/?p=37728"},"modified":"2025-12-01T19:19:47","modified_gmt":"2025-12-01T19:19:47","slug":"balikesir-valisi-ustaoglu-havranda-incelemelerde-bulundu","status":"publish","type":"post","link":"http:\/\/gazetevizyon.com\/?p=37728","title":{"rendered":"Bal\u0131kesir Valisi Ustao\u011flu, Havran&#8217;da \u0130ncelemelerde Bulundu"},"content":{"rendered":"<p>\n<h2>Vali Ustao\u011flu Havran&#8217;da Belediye \u00c7al\u0131\u015fmalar\u0131n\u0131 Yerinde De\u011ferlendirdi<\/h2>\n<p><\/p>\n<p>Bal\u0131kesir Valisi \u0130smail Ustao\u011flu, Havran il\u00e7esine ger\u00e7ekle\u015ftirdi\u011fi ziyaret kapsam\u0131nda Havran Belediye Ba\u015fkanl\u0131\u011f\u0131n\u0131 ziyaret etti. Vali Ustao\u011flu, burada Belediye Ba\u015fkan\u0131 Emin Ersoy ile bir araya gelerek il\u00e7ede y\u00fcr\u00fct\u00fclen \u00e7al\u0131\u015fmalar hakk\u0131nda detayl\u0131 bilgi ald\u0131.<\/p>\n<\/p>\n<p><\/p>\n<p><h3>Yerel Y\u00f6netim \u00c7al\u0131\u015fmalar\u0131 Masaya Yat\u0131r\u0131ld\u0131<\/h3>\n<p><\/p>\n<p>Ger\u00e7ekle\u015ftirilen g\u00f6r\u00fc\u015fmede, Havran&#8217;da devam eden ve planlanan belediye hizmetleri ele al\u0131nd\u0131. <strong>Belediye Ba\u015fkan\u0131 Emin Ersoy, Vali Ustao\u011flu&#8217;na il\u00e7enin altyap\u0131, \u00fcstyap\u0131 ve sosyal projeleri ba\u015fta olmak \u00fczere \u00e7e\u015fitli alanlardaki g\u00fcncel durumunu ve hedeflerini aktard\u0131.<\/strong> Ziyaret, merkezi y\u00f6netim ile yerel y\u00f6netim aras\u0131ndaki koordinasyonu g\u00fc\u00e7lendirmeyi ama\u00e7layan \u00f6nemli bir temas olarak kay\u0131tlara ge\u00e7ti.<\/p>\n<\/p>\n<p><\/p>\n<p><h3>Havran&#8217;\u0131n Geli\u015fimine Y\u00f6nelik \u0130sti\u015fare<\/h3>\n<p><\/p>\n<p>Vali Ustao\u011flu&#8217;nun ziyareti, il\u00e7enin ihtiya\u00e7lar\u0131n\u0131n ve geli\u015fim potansiyelinin de\u011ferlendirilmesi a\u00e7\u0131s\u0131ndan \u00f6nemli bir f\u0131rsat oldu. Yap\u0131lan isti\u015farelerde, Havran&#8217;\u0131n daha ya\u015fanabilir bir kent olmas\u0131 ve vatanda\u015flara sunulan hizmetlerin kalitesinin art\u0131r\u0131lmas\u0131 i\u00e7in yap\u0131lacak ortak \u00e7al\u0131\u015fmalar g\u00f6r\u00fc\u015f\u00fcld\u00fc.<\/p><\/p>\n","protected":false},"excerpt":{"rendered":"<p>Vali Ustao\u011flu Havran&#8217;da Belediye \u00c7al\u0131\u015fmalar\u0131n\u0131 Yerinde De\u011ferlendirdi Bal\u0131kesir Valisi \u0130smail Ustao\u011flu, Havran il\u00e7esine ger\u00e7ekle\u015ftirdi\u011fi ziyaret kapsam\u0131nda Havran Belediye Ba\u015fkanl\u0131\u011f\u0131n\u0131 ziyaret etti. Vali Ustao\u011flu, burada Belediye Ba\u015fkan\u0131 Emin Ersoy ile bir araya gelerek il\u00e7ede y\u00fcr\u00fct\u00fclen \u00e7al\u0131\u015fmalar hakk\u0131nda detayl\u0131 bilgi ald\u0131. Yerel&#8230;<\/p>\n","protected":false},"author":1,"featured_media":37729,"comment_status":"closed","ping_status":"closed","sticky":false,"template":"","format":"standard","meta":{"footnotes":""},"categories":[36],"tags":[],"class_list":["post-37728","post","type-post","status-publish","format-standard","has-post-thumbnail","hentry","category-manset"],"_links":{"self":[{"href":"http:\/\/gazetevizyon.com\/index.php?rest_route=\/wp\/v2\/posts\/37728","targetHints":{"allow":["GET"]}}],"collection":[{"href":"http:\/\/gazetevizyon.com\/index.php?rest_route=\/wp\/v2\/posts"}],"about":[{"href":"http:\/\/gazetevizyon.com\/index.php?rest_route=\/wp\/v2\/types\/post"}],"author":[{"embeddable":true,"href":"http:\/\/gazetevizyon.com\/index.php?rest_route=\/wp\/v2\/users\/1"}],"replies":[{"embeddable":true,"href":"http:\/\/gazetevizyon.com\/index.php?rest_route=%2Fwp%2Fv2%2Fcomments&post=37728"}],"version-history":[{"count":1,"href":"http:\/\/gazetevizyon.com\/index.php?rest_route=\/wp\/v2\/posts\/37728\/revisions"}],"predecessor-version":[{"id":37735,"href":"http:\/\/gazetevizyon.com\/index.php?rest_route=\/wp\/v2\/posts\/37728\/revisions\/37735"}],"wp:featuredmedia":[{"embeddable":true,"href":"http:\/\/gazetevizyon.com\/index.php?rest_route=\/wp\/v2\/media\/37729"}],"wp:attachment":[{"href":"http:\/\/gazetevizyon.com\/index.php?rest_route=%2Fwp%2Fv2%2Fmedia&parent=37728"}],"wp:term":[{"taxonomy":"category","embeddable":true,"href":"http:\/\/gazetevizyon.com\/index.php?rest_route=%2Fwp%2Fv2%2Fcategories&post=37728"},{"taxonomy":"post_tag","embeddable":true,"href":"http:\/\/gazetevizyon.com\/index.php?rest_route=%2Fwp%2Fv2%2Ftags&post=37728"}],"curies":[{"name":"wp","href":"https:\/\/api.w.org\/{rel}","templated":true}]}}