{"id":37791,"date":"2025-12-03T04:21:17","date_gmt":"2025-12-03T04:21:17","guid":{"rendered":"http:\/\/gazetevizyon.com\/?p=37791"},"modified":"2025-12-03T04:21:17","modified_gmt":"2025-12-03T04:21:17","slug":"balikesir-itfaiyesi-uluslararasi-itfaiye-teknolojileri-fuarinda-moderator-olacak","status":"publish","type":"post","link":"http:\/\/gazetevizyon.com\/?p=37791","title":{"rendered":"Bal\u0131kesir \u0130tfaiyesi, Uluslararas\u0131 \u0130tfaiye Teknolojileri Fuar\u0131&#8217;nda Moderat\u00f6r Olacak"},"content":{"rendered":"<p>\n<h2>Bal\u0131kesir \u0130tfaiyesi, Teknoloji ve G\u00fcvenlik Konu\u015facak<\/h2>\n<p><\/p>\n<p>Bal\u0131kesir B\u00fcy\u00fck\u015fehir Belediyesi \u0130tfaiye Daire Ba\u015fkan\u0131 Naz\u0131m Ergelen, uluslararas\u0131 bir platformda itfaiyecilik sekt\u00f6r\u00fcn\u00fc temsil edecek. Ergelen, <strong>4<\/p>\n<ul>\n<li>6 Aral\u0131k 2025 tarihleri aras\u0131nda d\u00fczenlenecek olan NADMEX 2025 Fuar\u0131&#8217;nda<\/strong> \u00f6nemli bir oturuma liderlik edecek.<\/p>\n<\/li>\n<p><\/p>\n<p><h3>Moderat\u00f6rl\u00fck G\u00f6revi ve Oturum Detaylar\u0131<\/h3>\n<p><\/p>\n<p>Naz\u0131m Ergelen, fuar kapsam\u0131nda &#8220;\u0130tfaiyecilikte Teknolojik Yakla\u015f\u0131mlar ve G\u00fcvenlik&#8221; ba\u015fl\u0131kl\u0131 panele moderat\u00f6r olarak kat\u0131lacak. S\u00f6z konusu oturum, <strong>5 Aral\u0131k Cuma g\u00fcn\u00fc saat 17:00 ile 17:45 aras\u0131nda<\/strong> ger\u00e7ekle\u015ftirilecek. Etkinlik, \u0130FM (\u0130stanbul Fuar Merkezi) Hall 9 <\/p>\n<li>Ana Salon&#8217;da yap\u0131lacak.<\/p>\n<\/li>\n<p><\/p>\n<p><h3>NADMEX 2025&#8217;in \u00d6nemi<\/h3>\n<p><\/p>\n<p>NADMEX, itfaiye, arama<\/p>\n<li>kurtarma, afet ve acil durum y\u00f6netimi sekt\u00f6rlerindeki en son teknolojilerin, ekipmanlar\u0131n ve \u00e7\u00f6z\u00fcmlerin sergilendi\u011fi \u00f6nemli bir uluslararas\u0131 fuard\u0131r. Bal\u0131kesir \u0130tfaiye Daire Ba\u015fkan\u0131&#8217;n\u0131n buradaki moderat\u00f6rl\u00fck g\u00f6revi, <strong>Bal\u0131kesir \u0130tfaiyesi&#8217;nin sekt\u00f6rdeki bilgi birikimini ve uzmanl\u0131\u011f\u0131n\u0131<\/strong> global arenada payla\u015fmas\u0131 anlam\u0131na geliyor.<\/p>\n<\/li>\n<\/ul>\n","protected":false},"excerpt":{"rendered":"<p>Bal\u0131kesir \u0130tfaiyesi, Teknoloji ve G\u00fcvenlik Konu\u015facak Bal\u0131kesir B\u00fcy\u00fck\u015fehir Belediyesi \u0130tfaiye Daire Ba\u015fkan\u0131 Naz\u0131m Ergelen, uluslararas\u0131 bir platformda itfaiyecilik sekt\u00f6r\u00fcn\u00fc temsil edecek. Ergelen, 4 6 Aral\u0131k 2025 tarihleri aras\u0131nda d\u00fczenlenecek olan NADMEX 2025 Fuar\u0131&#8217;nda \u00f6nemli bir oturuma liderlik edecek. Moderat\u00f6rl\u00fck G\u00f6revi&#8230;<\/p>\n","protected":false},"author":1,"featured_media":37792,"comment_status":"closed","ping_status":"closed","sticky":false,"template":"","format":"standard","meta":{"footnotes":""},"categories":[36],"tags":[],"class_list":["post-37791","post","type-post","status-publish","format-standard","has-post-thumbnail","hentry","category-manset"],"_links":{"self":[{"href":"http:\/\/gazetevizyon.com\/index.php?rest_route=\/wp\/v2\/posts\/37791","targetHints":{"allow":["GET"]}}],"collection":[{"href":"http:\/\/gazetevizyon.com\/index.php?rest_route=\/wp\/v2\/posts"}],"about":[{"href":"http:\/\/gazetevizyon.com\/index.php?rest_route=\/wp\/v2\/types\/post"}],"author":[{"embeddable":true,"href":"http:\/\/gazetevizyon.com\/index.php?rest_route=\/wp\/v2\/users\/1"}],"replies":[{"embeddable":true,"href":"http:\/\/gazetevizyon.com\/index.php?rest_route=%2Fwp%2Fv2%2Fcomments&post=37791"}],"version-history":[{"count":1,"href":"http:\/\/gazetevizyon.com\/index.php?rest_route=\/wp\/v2\/posts\/37791\/revisions"}],"predecessor-version":[{"id":37793,"href":"http:\/\/gazetevizyon.com\/index.php?rest_route=\/wp\/v2\/posts\/37791\/revisions\/37793"}],"wp:featuredmedia":[{"embeddable":true,"href":"http:\/\/gazetevizyon.com\/index.php?rest_route=\/wp\/v2\/media\/37792"}],"wp:attachment":[{"href":"http:\/\/gazetevizyon.com\/index.php?rest_route=%2Fwp%2Fv2%2Fmedia&parent=37791"}],"wp:term":[{"taxonomy":"category","embeddable":true,"href":"http:\/\/gazetevizyon.com\/index.php?rest_route=%2Fwp%2Fv2%2Fcategories&post=37791"},{"taxonomy":"post_tag","embeddable":true,"href":"http:\/\/gazetevizyon.com\/index.php?rest_route=%2Fwp%2Fv2%2Ftags&post=37791"}],"curies":[{"name":"wp","href":"https:\/\/api.w.org\/{rel}","templated":true}]}}