{"id":37810,"date":"2025-12-03T16:22:49","date_gmt":"2025-12-03T16:22:49","guid":{"rendered":"http:\/\/gazetevizyon.com\/?p=37810"},"modified":"2025-12-03T16:22:49","modified_gmt":"2025-12-03T16:22:49","slug":"altieylul-belediyesi-3-aralik-dunya-engelliler-gununde-engel-tanimiyor","status":"publish","type":"post","link":"http:\/\/gazetevizyon.com\/?p=37810","title":{"rendered":"Alt\u0131eyl\u00fcl Belediyesi, 3 Aral\u0131k D\u00fcnya Engelliler G\u00fcn\u00fc&#8217;nde Engel Tan\u0131m\u0131yor"},"content":{"rendered":"<p>\n<h2>Engelsiz Ya\u015fam \u0130\u00e7in Somut Ad\u0131mlar<\/h2>\n<p><\/p>\n<p>3 Aral\u0131k D\u00fcnya Engelliler G\u00fcn\u00fc, Alt\u0131eyl\u00fcl&#8217;de anlaml\u0131 bir dayan\u0131\u015fma \u00f6rne\u011fiyle kutland\u0131. Alt\u0131eyl\u00fcl Belediyesi&#8217;nin hayata ge\u00e7irdi\u011fi <strong>&#8220;Engelsiz Alt\u0131eyl\u00fcl&#8221; program\u0131<\/strong>, engelli bireylerin g\u00fcnl\u00fck ya\u015famlar\u0131n\u0131 kolayla\u015ft\u0131racak \u00f6nemli yard\u0131mlar\u0131 vatanda\u015flarla bulu\u015fturdu.<\/p>\n<\/p>\n<p><\/p>\n<p><h3>Hayat\u0131 Kolayla\u015ft\u0131ran Destekler<\/h3>\n<p><\/p>\n<p>Program kapsam\u0131nda, ihtiya\u00e7 sahibi engelli vatanda\u015flara baston, tekerlekli sandalye ve hasta yata\u011f\u0131 gibi kritik \u00f6neme sahip malzemeler da\u011f\u0131t\u0131ld\u0131. Bu desteklerin, engelli bireylerin ya\u015fam kalitesini do\u011frudan art\u0131rmas\u0131 hedefleniyor.<\/p>\n<\/p>\n<p><\/p>\n<p><h2>E\u015fit ve Eri\u015filebilir Bir Kent Vizyonu<\/h2>\n<p><\/p>\n<p>Yap\u0131lan yard\u0131mlar\u0131n \u00f6tesinde, as\u0131l ama\u00e7lanan hedefin engelli vatanda\u015flar\u0131n toplumsal hayat\u0131n her alan\u0131nda aktif ve e\u015fit \u015fekilde yer alabilmesini sa\u011flamak oldu\u011fu vurguland\u0131. Bu kapsamda, eri\u015filebilir bir kent yaratmak ana hedefler aras\u0131nda yer al\u0131yor.<\/p>\n<\/p>\n<p><\/p>\n<p><h3>Te\u015fekk\u00fcr ve Dayan\u0131\u015fma Mesaj\u0131<\/h3>\n<p><\/p>\n<p>Program\u0131n ba\u015far\u0131ya ula\u015fmas\u0131nda eme\u011fi ge\u00e7enlere te\u015fekk\u00fcr edilirken, \u00f6zellikle Alt\u0131eyl\u00fcl Belediye Ba\u015fkan\u0131 Hakan \u015eehirli&#8217;nin \u00f6nc\u00fcl\u00fc\u011f\u00fcne dikkat \u00e7ekildi. Kurumlar ve g\u00f6n\u00fcll\u00fclerin i\u015f birli\u011fiyle, <strong>&#8220;Dayan\u0131\u015fmayla daha engelsiz bir kent m\u00fcmk\u00fcn&#8221;<\/strong> mesaj\u0131 verildi.<\/p><\/p>\n","protected":false},"excerpt":{"rendered":"<p>Engelsiz Ya\u015fam \u0130\u00e7in Somut Ad\u0131mlar 3 Aral\u0131k D\u00fcnya Engelliler G\u00fcn\u00fc, Alt\u0131eyl\u00fcl&#8217;de anlaml\u0131 bir dayan\u0131\u015fma \u00f6rne\u011fiyle kutland\u0131. Alt\u0131eyl\u00fcl Belediyesi&#8217;nin hayata ge\u00e7irdi\u011fi &#8220;Engelsiz Alt\u0131eyl\u00fcl&#8221; program\u0131, engelli bireylerin g\u00fcnl\u00fck ya\u015famlar\u0131n\u0131 kolayla\u015ft\u0131racak \u00f6nemli yard\u0131mlar\u0131 vatanda\u015flarla bulu\u015fturdu. Hayat\u0131 Kolayla\u015ft\u0131ran Destekler Program kapsam\u0131nda, ihtiya\u00e7 sahibi engelli&#8230;<\/p>\n","protected":false},"author":1,"featured_media":37811,"comment_status":"closed","ping_status":"closed","sticky":false,"template":"","format":"standard","meta":{"footnotes":""},"categories":[23],"tags":[],"class_list":["post-37810","post","type-post","status-publish","format-standard","has-post-thumbnail","hentry","category-siyaset"],"_links":{"self":[{"href":"http:\/\/gazetevizyon.com\/index.php?rest_route=\/wp\/v2\/posts\/37810","targetHints":{"allow":["GET"]}}],"collection":[{"href":"http:\/\/gazetevizyon.com\/index.php?rest_route=\/wp\/v2\/posts"}],"about":[{"href":"http:\/\/gazetevizyon.com\/index.php?rest_route=\/wp\/v2\/types\/post"}],"author":[{"embeddable":true,"href":"http:\/\/gazetevizyon.com\/index.php?rest_route=\/wp\/v2\/users\/1"}],"replies":[{"embeddable":true,"href":"http:\/\/gazetevizyon.com\/index.php?rest_route=%2Fwp%2Fv2%2Fcomments&post=37810"}],"version-history":[{"count":1,"href":"http:\/\/gazetevizyon.com\/index.php?rest_route=\/wp\/v2\/posts\/37810\/revisions"}],"predecessor-version":[{"id":37816,"href":"http:\/\/gazetevizyon.com\/index.php?rest_route=\/wp\/v2\/posts\/37810\/revisions\/37816"}],"wp:featuredmedia":[{"embeddable":true,"href":"http:\/\/gazetevizyon.com\/index.php?rest_route=\/wp\/v2\/media\/37811"}],"wp:attachment":[{"href":"http:\/\/gazetevizyon.com\/index.php?rest_route=%2Fwp%2Fv2%2Fmedia&parent=37810"}],"wp:term":[{"taxonomy":"category","embeddable":true,"href":"http:\/\/gazetevizyon.com\/index.php?rest_route=%2Fwp%2Fv2%2Fcategories&post=37810"},{"taxonomy":"post_tag","embeddable":true,"href":"http:\/\/gazetevizyon.com\/index.php?rest_route=%2Fwp%2Fv2%2Ftags&post=37810"}],"curies":[{"name":"wp","href":"https:\/\/api.w.org\/{rel}","templated":true}]}}