{"id":38118,"date":"2025-12-11T22:15:28","date_gmt":"2025-12-11T22:15:28","guid":{"rendered":"http:\/\/gazetevizyon.com\/?p=38118"},"modified":"2025-12-11T22:15:28","modified_gmt":"2025-12-11T22:15:28","slug":"ida-madra-jeoparki-turizm-altyapisi-icin-buyuksehir-ve-ilce-belediyeleri-bir-araya-geldi","status":"publish","type":"post","link":"http:\/\/gazetevizyon.com\/?p=38118","title":{"rendered":"\u0130da Madra Jeopark\u0131 Turizm Altyap\u0131s\u0131 \u0130\u00e7in B\u00fcy\u00fck\u015fehir ve \u0130l\u00e7e Belediyeleri Bir Araya Geldi"},"content":{"rendered":"<p>\n<h2>Bal\u0131kesir&#8217;de Jeopark ve Turizm \u0130\u00e7in \u0130\u015f Birli\u011fi<\/h2>\n<p>Bal\u0131kesir B\u00fcy\u00fck\u015fehir Belediyesi \u00f6nc\u00fcl\u00fc\u011f\u00fcnde, \u0130da Madra Jeopark\u0131&#8217;n\u0131n turizm potansiyelini art\u0131rmak ve b\u00f6lgenin s\u00fcrd\u00fcr\u00fclebilir kalk\u0131nmas\u0131na katk\u0131da bulunmak amac\u0131yla \u00f6nemli bir toplant\u0131 ger\u00e7ekle\u015ftirildi. \u0130da Madra Jeopark\u0131 Turizm Altyap\u0131 Hizmeti Belediyeler Birli\u011fi Meclis Toplant\u0131s\u0131&#8217;nda, b\u00f6lgenin do\u011fal miras\u0131n\u0131n korunmas\u0131 ve turizm altyap\u0131s\u0131n\u0131n g\u00fc\u00e7lendirilmesi i\u00e7in ortak \u00e7al\u0131\u015fmalar ele al\u0131nd\u0131.<\/p>\n<p><\/p>\n<p><h3>B\u00f6lgesel Kalk\u0131nma \u0130\u00e7in Ortak Ad\u0131m<\/h3>\n<p>Bal\u0131kesir B\u00fcy\u00fck\u015fehir Belediye Ba\u015fkan\u0131 Ahmet Ak\u0131n&#8217;\u0131n ev sahipli\u011finde d\u00fczenlenen toplant\u0131da, il\u00e7e belediyeleriyle i\u015f birli\u011fi i\u00e7inde hareket edilmesinin \u00f6nemi vurguland\u0131. Toplant\u0131n\u0131n ana g\u00fcndem maddesi, <strong>\u0130da Madra Jeopark\u0131&#8217;n\u0131n korunmas\u0131 ve turizm a\u00e7\u0131s\u0131ndan geli\u015ftirilmesi<\/strong> oldu. Bu kapsamda at\u0131lacak ad\u0131mlar\u0131n, b\u00f6lge ekonomisine ve istihdama pozitif katk\u0131 sa\u011flamas\u0131 hedefleniyor.<\/p>\n<p><\/p>\n<p><h3>S\u00fcrd\u00fcr\u00fclebilir Turizm ve Do\u011fal Miras<\/h3>\n<p>Jeopark alan\u0131 i\u00e7indeki do\u011fal ve jeolojik zenginliklerin korunarak, turizme kazand\u0131r\u0131lmas\u0131 planlan\u0131yor. Yap\u0131lacak \u00e7al\u0131\u015fmalar \u015fu ba\u015fl\u0131klar\u0131 i\u00e7erecek:<\/p>\n<ul><\/p>\n<ul>\n<li>Turizm altyap\u0131s\u0131n\u0131n iyile\u015ftirilmesi,<\/li>\n<p><\/p>\n<li>Ziyaret\u00e7i deneyiminin geli\u015ftirilmesi,<\/li>\n<p><\/p>\n<li>B\u00f6lgenin tan\u0131t\u0131m\u0131n\u0131n etkin bir \u015fekilde yap\u0131lmas\u0131.<\/li>\n<\/ul>\n<p><\/ul>\n<p>Bu ad\u0131mlarla, \u0130da Madra Jeopark\u0131&#8217;n\u0131n ulusal ve uluslararas\u0131 arenada tan\u0131n\u0131rl\u0131\u011f\u0131n\u0131n art\u0131r\u0131lmas\u0131 ama\u00e7lan\u0131yor. Belediyeler aras\u0131ndaki bu ortak \u00e7al\u0131\u015fman\u0131n, b\u00f6lgenin s\u00fcrd\u00fcr\u00fclebilir kalk\u0131nmas\u0131na \u00f6nemli bir ivme kazand\u0131rmas\u0131 bekleniyor.<\/p><\/p>\n","protected":false},"excerpt":{"rendered":"<p>Bal\u0131kesir&#8217;de Jeopark ve Turizm \u0130\u00e7in \u0130\u015f Birli\u011fi Bal\u0131kesir B\u00fcy\u00fck\u015fehir Belediyesi \u00f6nc\u00fcl\u00fc\u011f\u00fcnde, \u0130da Madra Jeopark\u0131&#8217;n\u0131n turizm potansiyelini art\u0131rmak ve b\u00f6lgenin s\u00fcrd\u00fcr\u00fclebilir kalk\u0131nmas\u0131na katk\u0131da bulunmak amac\u0131yla \u00f6nemli bir toplant\u0131 ger\u00e7ekle\u015ftirildi. \u0130da Madra Jeopark\u0131 Turizm Altyap\u0131 Hizmeti Belediyeler Birli\u011fi Meclis Toplant\u0131s\u0131&#8217;nda, b\u00f6lgenin do\u011fal&#8230;<\/p>\n","protected":false},"author":1,"featured_media":38119,"comment_status":"closed","ping_status":"closed","sticky":false,"template":"","format":"standard","meta":{"footnotes":""},"categories":[36],"tags":[],"class_list":["post-38118","post","type-post","status-publish","format-standard","has-post-thumbnail","hentry","category-manset"],"_links":{"self":[{"href":"http:\/\/gazetevizyon.com\/index.php?rest_route=\/wp\/v2\/posts\/38118","targetHints":{"allow":["GET"]}}],"collection":[{"href":"http:\/\/gazetevizyon.com\/index.php?rest_route=\/wp\/v2\/posts"}],"about":[{"href":"http:\/\/gazetevizyon.com\/index.php?rest_route=\/wp\/v2\/types\/post"}],"author":[{"embeddable":true,"href":"http:\/\/gazetevizyon.com\/index.php?rest_route=\/wp\/v2\/users\/1"}],"replies":[{"embeddable":true,"href":"http:\/\/gazetevizyon.com\/index.php?rest_route=%2Fwp%2Fv2%2Fcomments&post=38118"}],"version-history":[{"count":1,"href":"http:\/\/gazetevizyon.com\/index.php?rest_route=\/wp\/v2\/posts\/38118\/revisions"}],"predecessor-version":[{"id":38120,"href":"http:\/\/gazetevizyon.com\/index.php?rest_route=\/wp\/v2\/posts\/38118\/revisions\/38120"}],"wp:featuredmedia":[{"embeddable":true,"href":"http:\/\/gazetevizyon.com\/index.php?rest_route=\/wp\/v2\/media\/38119"}],"wp:attachment":[{"href":"http:\/\/gazetevizyon.com\/index.php?rest_route=%2Fwp%2Fv2%2Fmedia&parent=38118"}],"wp:term":[{"taxonomy":"category","embeddable":true,"href":"http:\/\/gazetevizyon.com\/index.php?rest_route=%2Fwp%2Fv2%2Fcategories&post=38118"},{"taxonomy":"post_tag","embeddable":true,"href":"http:\/\/gazetevizyon.com\/index.php?rest_route=%2Fwp%2Fv2%2Ftags&post=38118"}],"curies":[{"name":"wp","href":"https:\/\/api.w.org\/{rel}","templated":true}]}}