{"id":39050,"date":"2026-04-27T13:46:05","date_gmt":"2026-04-27T13:46:05","guid":{"rendered":"http:\/\/gazetevizyon.com\/?p=39050"},"modified":"2026-04-27T13:46:05","modified_gmt":"2026-04-27T13:46:05","slug":"akcayda-skandal-surec-bu-mu-mal-alimigerceklerle-yuzlesme-zamani","status":"publish","type":"post","link":"http:\/\/gazetevizyon.com\/?p=39050","title":{"rendered":"AK\u00c7AY\u2019DA SKANDAL S\u00dcRE\u00c7: BU MU MAL ALIMI?GER\u00c7EKLERLE Y\u00dcZLE\u015eME ZAMANI"},"content":{"rendered":"\n<p><strong><br>AK\u00c7AY\u2019DA GER\u00c7EKLER\u0130 \u00c7ARPITANLARA CEVABIMDIR<\/strong><\/p>\n\n\n\n<p>Ak\u00e7ay Terminali yan\u0131nda yap\u0131lan ve kamuoyuna <strong>\u201cmal al\u0131m\u0131\u201d<\/strong> olarak anlat\u0131lmaya \u00e7al\u0131\u015f\u0131lan yap\u0131 ile ilgili yap\u0131lan akla ziyan a\u00e7\u0131klamalar, ger\u00e7ekleri \u00f6rtbas etmeye y\u00f6nelik bir \u00e7abad\u0131r.<\/p>\n\n\n\n<p>Yarg\u0131 s\u00fcrecinin devam etti\u011fi ve soru\u015fturma a\u015famas\u0131ndaki bilirki\u015fi raporuyla yap\u0131lan i\u015fin <strong>\u201cmal al\u0131m\u0131\u201d <\/strong>olmad\u0131\u011f\u0131 ve kamu zarar\u0131n\u0131n <strong>32milyon574bin lira <\/strong>oldu\u011fu rapor edildi\u011fi ve dosya a\u00e7\u0131k oldu\u011fu yani soru\u015fturma devam etti\u011fi halde; <strong>\u201csoru\u015fturmaya gerek g\u00f6r\u00fclmedi\u201d <\/strong>demek alenen kamuoyunu aldatmaya y\u00f6nelik bir s\u00f6ylemdir.<\/p>\n\n\n\n<p>Herkese lakap tak\u0131p bu \u015fekilde insanlar\u0131 a\u015fa\u011f\u0131lamaya kalkana ben de <strong>\u201cBAY NEREDEN NEREYE (!)\u201d <\/strong>diyorum.<\/p>\n\n\n\n<p>Bug\u00fcn kamuoyuna <strong>\u201ci\u015f bilmezlik\u201d<\/strong> su\u00e7lamas\u0131 y\u00f6neltenlerin, \u00f6nce kendi d\u00f6nemlerinde yapt\u0131klar\u0131 i\u015flemlere bakmalar\u0131 gerekir.<\/p>\n\n\n\n<p><strong>Bay Nereden Nereye (!), <\/strong>Ak\u00e7ay\u2019da ki ger\u00e7ekleri \u00e7arp\u0131tmak i\u00e7in ne kadar \u00e7\u0131rp\u0131n\u0131rsa \u00e7\u0131rp\u0131ns\u0131n faydas\u0131z. Zira&nbsp; ger\u00e7ekler tamamen farkl\u0131.<\/p>\n\n\n\n<p>\u0130\u015fin ger\u00e7ek y\u00fcz\u00fc neymi\u015f kamuoyu da bilsin.<\/p>\n\n\n\n<ol class=\"wp-block-list\">\n<li><strong>\u00d6NCE \u0130HALE, SONRA KARAR: BU NASIL B\u0130R \u0130\u015e B\u0130LMEZL\u0130KT\u0130R?<br><\/strong><br>&#8211;<strong>Tarih 05.02.2024 \u2192<\/strong> D\u00f6nemin Genel M\u00fcd\u00fcr ve Yard\u0131mc\u0131s\u0131 \u0130hale onay\u0131 vermi\u015f\u00a0<br><strong>&#8211; Tarih 07.02.2024 \u2192<\/strong> Y\u00f6netim Kurulu Karar\u0131 Olmadan \u0130hale yap\u0131lm\u0131\u015f\u00a0<br><strong>&#8211; Tarih 08.02.2024 \u2192<\/strong> \u00a0Hala Y\u00f6netim Kurulu Karar\u0131 yok ama S\u00f6zle\u015fme yap\u0131lm\u0131\u015f. Sanki yang\u0131ndan mal ka\u00e7\u0131r\u0131rcas\u0131na.<br><strong>&#8211; Tarih 15.02.2024 \u2192<\/strong> Nihayet; Al\u0131m yap\u0131lmas\u0131 i\u00e7in Y\u00f6netim kurulu karar\u0131 al\u0131nm\u0131\u015f<br>Yani y\u00f6netim kurulu karar\u0131 olmadan yap\u0131lamayacak olan ihale yap\u0131lm\u0131\u015f, s\u00f6zle\u015fme imzalanm\u0131\u015ft\u0131r.<br>Ya y\u00f6netim kurulu yok say\u0131lm\u0131\u015ft\u0131r ya da sonradan karar uydurulmu\u015ftur. Her iki durumda vahimdir ve kabul edilemez. Bu <strong>\u201ci\u015f bilmediklerinin\u201d <\/strong>a\u00e7\u0131k bir g\u00f6stergesidir.<\/li>\n<\/ol>\n\n\n\n<ul class=\"wp-block-list\">\n<li><strong>BU MU MAL ALIMI?<\/strong><\/li>\n<\/ul>\n\n\n\n<p><strong>KA\u011eIT \u00dcZER\u0130NDE MAL, SAHADA \u0130N\u015eAAT\u2026<\/strong><br>Kamuoyuna <strong>\u201cmal al\u0131m\u0131\u201d<\/strong> diye anlat\u0131lan masaldaki yap\u0131, a\u015fa\u011f\u0131daki g\u00f6rsellerde a\u00e7\u0131k\u00e7a g\u00f6r\u00fclmektedir.<\/p>\n\n\n\n<figure class=\"wp-block-image size-large\"><a href=\"http:\/\/gazetevizyon.com\/wp-content\/uploads\/2026\/04\/a1.png\"><img loading=\"lazy\" decoding=\"async\" width=\"1024\" height=\"601\" src=\"http:\/\/gazetevizyon.com\/wp-content\/uploads\/2026\/04\/a1-1024x601.png\" alt=\"Ak\u00e7ay Terminali yan\u0131nda yap\u0131lan ve kamuoyuna \u201cmal al\u0131m\u0131\u201d olarak anlat\u0131lmaya \u00e7al\u0131\u015f\u0131lan yap\u0131 ile ilgili yap\u0131lan akla ziyan a\u00e7\u0131klamalar, ger\u00e7ekleri \u00f6rtbas etmeye y\u00f6nelik bir \u00e7abad\u0131r.\" class=\"wp-image-39051\" srcset=\"http:\/\/gazetevizyon.com\/wp-content\/uploads\/2026\/04\/a1-1024x601.png 1024w, http:\/\/gazetevizyon.com\/wp-content\/uploads\/2026\/04\/a1-300x176.png 300w, http:\/\/gazetevizyon.com\/wp-content\/uploads\/2026\/04\/a1-768x451.png 768w, http:\/\/gazetevizyon.com\/wp-content\/uploads\/2026\/04\/a1.png 1226w\" sizes=\"auto, (max-width: 1024px) 100vw, 1024px\" \/><\/a><\/figure>\n\n\n\n<figure class=\"wp-block-image size-full\"><a href=\"http:\/\/gazetevizyon.com\/wp-content\/uploads\/2026\/04\/a2.png\"><img loading=\"lazy\" decoding=\"async\" width=\"780\" height=\"440\" src=\"http:\/\/gazetevizyon.com\/wp-content\/uploads\/2026\/04\/a2.png\" alt=\"Ak\u00e7ay Terminali yan\u0131nda yap\u0131lan ve kamuoyuna \u201cmal al\u0131m\u0131\u201d olarak anlat\u0131lmaya \u00e7al\u0131\u015f\u0131lan yap\u0131 ile ilgili yap\u0131lan akla ziyan a\u00e7\u0131klamalar, ger\u00e7ekleri \u00f6rtbas etmeye y\u00f6nelik bir \u00e7abad\u0131r.\" class=\"wp-image-39052\" srcset=\"http:\/\/gazetevizyon.com\/wp-content\/uploads\/2026\/04\/a2.png 780w, http:\/\/gazetevizyon.com\/wp-content\/uploads\/2026\/04\/a2-300x169.png 300w, http:\/\/gazetevizyon.com\/wp-content\/uploads\/2026\/04\/a2-768x433.png 768w\" sizes=\"auto, (max-width: 780px) 100vw, 780px\" \/><\/a><\/figure>\n\n\n\n<p>\u0130skeleleri bile \u00fczerinde olan \u00e7ok katl\u0131 bu yap\u0131ya <strong>\u201cmal al\u0131m\u0131\u201d<\/strong> demek; kamuoyunun akl\u0131yla alay etmektir.<br>Bu bir \u00fcr\u00fcn de\u011fil, a\u00e7\u0131k\u00e7a bir in\u015faatt\u0131r.<\/p>\n\n\n\n<ul class=\"wp-block-list\">\n<li><strong>MAHKEME KARARI ORTADA:<\/strong><\/li>\n<\/ul>\n\n\n\n<p><strong>\u00d6DEME USULE UYGUN DE\u011e\u0130LD\u0130R:14 M\u0130LYON \u0130ADE<\/strong><\/p>\n\n\n\n<p>T\u00fcm bu tart\u0131\u015fmalar\u0131n \u00f6tesinde bir ger\u00e7ek daha vard\u0131r:<\/p>\n\n\n\n<p>Mahkeme, <strong>13.973.600 TL\u2019nin iadesine karar vermi\u015ftir.<\/strong><\/p>\n\n\n\n<p>Bu ne demektir?<\/p>\n\n\n\n<ul class=\"wp-block-list\">\n<li>\u201cHer \u015fey do\u011fru de\u011fildi\u201d demektir\u2026<\/li>\n\n\n\n<li>\u201cS\u00fcre\u00e7 kusursuz de\u011fildi\u201d demektir\u2026<\/li>\n<\/ul>\n\n\n\n<p>Buna ra\u011fmen \u201cSorun yoktu\u201d iddias\u0131nda bulunmak nas\u0131l bir ruh halidir anla\u015f\u0131l\u0131r gibi de\u011fil.<\/p>\n\n\n\n<p>Mahkeme karar\u0131 ortadayken h\u00e2l\u00e2 kamuoyunu yan\u0131ltmaya \u00e7al\u0131\u015fmak, ger\u00e7e\u011fi de\u011fi\u015ftirmez.<br>Bu karar, s\u00fcrecin kusursuz olmad\u0131\u011f\u0131n\u0131, yap\u0131lan\u0131n yasal olmad\u0131\u011f\u0131n\u0131 a\u00e7\u0131k\u00e7a ortaya koymaktad\u0131r.<\/p>\n\n\n\n<p><strong>4. YIKIM B\u0130R TERC\u0130H DE\u011e\u0130L, \u0130MAR KANUNA G\u00d6RE YASAL B\u0130R ZORUNLULUKTUR.<\/strong><\/p>\n\n\n\n<p>S\u00f6z konusu yap\u0131:<\/p>\n\n\n\n<ul class=\"wp-block-list\">\n<li>\u0130mar plan\u0131nda <strong>ye\u015fil alan<\/strong><\/li>\n\n\n\n<li>Uygulama plan\u0131nda <strong>park, yol ve trafo alan\u0131<\/strong><\/li>\n\n\n\n<li><strong>Ruhsats\u0131z ve ka\u00e7ak yap\u0131<\/strong><\/li>\n<\/ul>\n\n\n\n<p>Bu durumda yap\u0131lmas\u0131 gereken bellidir:<\/p>\n\n\n\n<p><strong>Y\u0131k\u0131m bir tercih de\u011fil, \u0130mar Kanuna g\u00f6re yasal bir zorunluluktur.<\/strong><\/p>\n\n\n\n<p><strong>\u201cY\u0131k\u0131m yapt\u0131lar\u201d<\/strong> diye ele\u015ftirenler, asl\u0131nda hukuksuzlu\u011fu savunmaktad\u0131rlar.<\/p>\n\n\n\n<p>14milyonun iadesine h\u00fckmeden mahkeme i\u00e7in <strong>\u201cmahkeme s\u00fcreci devam ederken binay\u0131 y\u0131kt\u0131lar ve kamu zarar\u0131na sebep oldular\u201d<\/strong> demek; ger\u00e7eklerin \u00fczerini \u00f6rtme \u00e7abas\u0131ndan ba\u015fka bir \u015fey de\u011fildir. Zira bunun mahkemenin y\u0131k\u0131m karar\u0131 ve uygulanmas\u0131yla uzaktan yak\u0131ndan ilgisi yoktur.<\/p>\n\n\n\n<p>\u0130mar kanunu ile bu mahkemenin ay\u0131rt\u0131n\u0131 yapamayanlar\u0131 kamuoyu iyi tan\u0131mal\u0131d\u0131r.<\/p>\n\n\n\n<p><strong>5. ORTADA B\u0130R DE\u011eER YOKKEN; TAMAMLANMAMI\u015e YAPIYA \u201c25 M\u0130LYONLUK YAPI YOK ED\u0130LD\u0130\u201d \u0130DD\u0130ASI GER\u00c7EK DI\u015eIDIR.<\/strong><\/p>\n\n\n\n<p>Ger\u00e7ek tablo:<\/p>\n\n\n\n<ul class=\"wp-block-list\">\n<li>Yap\u0131 tamamlanmam\u0131\u015f<\/li>\n\n\n\n<li>\u015eartnameye uygun de\u011fil<\/li>\n\n\n\n<li>Hukuken ge\u00e7ersiz<\/li>\n<\/ul>\n\n\n\n<p>Ortada iddia edildi\u011fi gibi <strong>\u201ctam ve kullan\u0131labilir bir de\u011fer\u201d <\/strong>yoktur.<\/p>\n\n\n\n<p>As\u0131l sorgulanmas\u0131 gereken:<\/p>\n\n\n\n<p><strong>Bu noktaya nas\u0131l ve ni\u00e7in gelindi\u011fidir?<\/strong><\/p>\n\n\n\n<p>Hesap vermesi gerekenlerin, hesap soruyor pozlar\u0131 tak\u0131nmas\u0131n\u0131 da kamuoyunun takdirine b\u0131rak\u0131yorum.<\/p>\n\n\n\n<p><strong>ALGI DE\u011e\u0130L, GER\u00c7EK KONU\u015eUYOR. GER\u00c7EKLER ORTADA.<\/strong><\/p>\n\n\n\n<p>Bug\u00fcn kamuoyuna ger\u00e7ek d\u0131\u015f\u0131 alg\u0131 olu\u015fturmaya \u00e7al\u0131\u015f\u0131lmaktad\u0131r.<\/p>\n\n\n\n<p>Ancak ger\u00e7ekler \u00e7ok nettir ve ortaya \u00e7\u0131kma gibi bir huyu vard\u0131r.<\/p>\n\n\n\n<ul class=\"wp-block-list\">\n<li>Karar yokken yap\u0131lan ihale<\/li>\n\n\n\n<li>Yap\u0131m i\u015finin \u201cmal al\u0131m\u0131\u201d gibi g\u00f6sterilmesi<\/li>\n\n\n\n<li>\u0130\u015f bitmeden yap\u0131lan \u00f6demeler<\/li>\n\n\n\n<li>Mahkeme karar\u0131yla ortaya \u00e7\u0131kan milyonluk sorumluluk<\/li>\n<\/ul>\n\n\n\n<p>Bunlar\u0131n hi\u00e7biri \u00f6rtbas edilemez. Ger\u00e7ekler ortadad\u0131r.<\/p>\n\n\n\n<p><strong>Halka hizmet; hukuku yok sayarak de\u011fil, yasa ve etik kurallara uyarak yap\u0131l\u0131r.<\/strong><\/p>\n\n\n\n<p><strong>\u0130\u015fte bunu yaparsan\u0131z d\u00f6rt d\u00f6rtl\u00fck ya\u015f\u0131yorsunuz demektir.<\/strong><strong><\/strong><\/p>\n\n\n\n<p><strong>\u201cHayat \u00fc\u00e7 bu\u00e7ukla d\u00f6rt aras\u0131ndad\u0131r; Ya \u00fc\u00e7 bu\u00e7uk atars\u0131n ya da d\u00f6rt d\u00f6rtl\u00fck ya\u015fars\u0131n.\u201d <\/strong>demi\u015f \u00fcstad Neyzen.<\/p>\n\n\n\n<p>Ve bizler i\u00e7in t\u00fcy\u00fc bitmemi\u015f yetimin hakk\u0131 kutsald\u0131r. B\u00f6yle bilir b\u00f6yle ya\u015far\u0131z.<\/p>\n\n\n\n<p>\u015e\u00fck\u00fcrler olsun ki;<\/p>\n\n\n\n<p>Bug\u00fcne kadar hi\u00e7 \u00fc\u00e7 bu\u00e7uk atarak ya\u015famad\u0131k ve ya\u015famay\u0131z.<\/p>\n\n\n\n<p>Bu arada, <strong>Bay \u00dc\u00e7bu\u00e7uk <\/strong>sen nas\u0131ls\u0131n?<\/p>\n\n\n\n<p><br><strong>\u00d6m\u00fcr BOYUER<\/strong><\/p>\n","protected":false},"excerpt":{"rendered":"<p>AK\u00c7AY\u2019DA GER\u00c7EKLER\u0130 \u00c7ARPITANLARA CEVABIMDIR Ak\u00e7ay Terminali yan\u0131nda yap\u0131lan ve kamuoyuna \u201cmal al\u0131m\u0131\u201d olarak anlat\u0131lmaya \u00e7al\u0131\u015f\u0131lan yap\u0131 ile ilgili yap\u0131lan akla ziyan a\u00e7\u0131klamalar, ger\u00e7ekleri \u00f6rtbas etmeye y\u00f6nelik bir \u00e7abad\u0131r. Yarg\u0131 s\u00fcrecinin devam etti\u011fi ve soru\u015fturma a\u015famas\u0131ndaki bilirki\u015fi raporuyla yap\u0131lan i\u015fin \u201cmal&#8230;<\/p>\n","protected":false},"author":1,"featured_media":39051,"comment_status":"closed","ping_status":"closed","sticky":false,"template":"","format":"standard","meta":{"footnotes":""},"categories":[1,20,36,21,23,35],"tags":[123,76,124,122],"class_list":["post-39050","post","type-post","status-publish","format-standard","has-post-thumbnail","hentry","category-genel","category-guncel","category-manset","category-ozelhaber","category-siyaset","category-son-dakika","tag-akcay-terminal","tag-balikesir-buyuksehir-belediyesi","tag-btt","tag-omur-boyuer"],"_links":{"self":[{"href":"http:\/\/gazetevizyon.com\/index.php?rest_route=\/wp\/v2\/posts\/39050","targetHints":{"allow":["GET"]}}],"collection":[{"href":"http:\/\/gazetevizyon.com\/index.php?rest_route=\/wp\/v2\/posts"}],"about":[{"href":"http:\/\/gazetevizyon.com\/index.php?rest_route=\/wp\/v2\/types\/post"}],"author":[{"embeddable":true,"href":"http:\/\/gazetevizyon.com\/index.php?rest_route=\/wp\/v2\/users\/1"}],"replies":[{"embeddable":true,"href":"http:\/\/gazetevizyon.com\/index.php?rest_route=%2Fwp%2Fv2%2Fcomments&post=39050"}],"version-history":[{"count":1,"href":"http:\/\/gazetevizyon.com\/index.php?rest_route=\/wp\/v2\/posts\/39050\/revisions"}],"predecessor-version":[{"id":39053,"href":"http:\/\/gazetevizyon.com\/index.php?rest_route=\/wp\/v2\/posts\/39050\/revisions\/39053"}],"wp:featuredmedia":[{"embeddable":true,"href":"http:\/\/gazetevizyon.com\/index.php?rest_route=\/wp\/v2\/media\/39051"}],"wp:attachment":[{"href":"http:\/\/gazetevizyon.com\/index.php?rest_route=%2Fwp%2Fv2%2Fmedia&parent=39050"}],"wp:term":[{"taxonomy":"category","embeddable":true,"href":"http:\/\/gazetevizyon.com\/index.php?rest_route=%2Fwp%2Fv2%2Fcategories&post=39050"},{"taxonomy":"post_tag","embeddable":true,"href":"http:\/\/gazetevizyon.com\/index.php?rest_route=%2Fwp%2Fv2%2Ftags&post=39050"}],"curies":[{"name":"wp","href":"https:\/\/api.w.org\/{rel}","templated":true}]}}