{"id":39055,"date":"2026-04-29T12:54:16","date_gmt":"2026-04-29T12:54:16","guid":{"rendered":"http:\/\/gazetevizyon.com\/?p=39055"},"modified":"2026-04-29T12:54:16","modified_gmt":"2026-04-29T12:54:16","slug":"ahmet-akin-marmara-belediyeler-birligi-baskani-secildi","status":"publish","type":"post","link":"http:\/\/gazetevizyon.com\/?p=39055","title":{"rendered":"AHMET AKIN MARMARA BELED\u0130YELER B\u0130RL\u0130\u011e\u0130 BA\u015eKANI SE\u00c7\u0130LD\u0130"},"content":{"rendered":"\n<p>Bal\u0131kesir B\u00fcy\u00fck\u015fehir Belediyesi Ba\u015fkan\u0131 Ahmet Ak\u0131n,bu g\u00fcn ger\u00e7ekle\u015fen genel kurulda Marmara Belediyeler Birli\u011finin yeni d\u00f6nem ba\u015fkan\u0131 se\u00e7ildi..<\/p>\n\n\n\n<figure class=\"wp-block-image size-large\"><a href=\"http:\/\/gazetevizyon.com\/wp-content\/uploads\/2026\/04\/565130663_1359402378875254_7817699436055200954_n.jpg\"><img loading=\"lazy\" decoding=\"async\" width=\"1024\" height=\"683\" src=\"http:\/\/gazetevizyon.com\/wp-content\/uploads\/2026\/04\/565130663_1359402378875254_7817699436055200954_n-1024x683.jpg\" alt=\"Bal\u0131kesir B\u00fcy\u00fck\u015fehir Belediyesi Ba\u015fkan\u0131 Ahmet Ak\u0131n,bu g\u00fcn ger\u00e7ekle\u015fen genel kurulda Marmara Belediyeler Birli\u011finin yeni d\u00f6nem ba\u015fkan\u0131 se\u00e7ildi..\" class=\"wp-image-39056\" srcset=\"http:\/\/gazetevizyon.com\/wp-content\/uploads\/2026\/04\/565130663_1359402378875254_7817699436055200954_n-1024x683.jpg 1024w, http:\/\/gazetevizyon.com\/wp-content\/uploads\/2026\/04\/565130663_1359402378875254_7817699436055200954_n-300x200.jpg 300w, http:\/\/gazetevizyon.com\/wp-content\/uploads\/2026\/04\/565130663_1359402378875254_7817699436055200954_n-768x512.jpg 768w, http:\/\/gazetevizyon.com\/wp-content\/uploads\/2026\/04\/565130663_1359402378875254_7817699436055200954_n-1536x1025.jpg 1536w, http:\/\/gazetevizyon.com\/wp-content\/uploads\/2026\/04\/565130663_1359402378875254_7817699436055200954_n.jpg 2048w\" sizes=\"auto, (max-width: 1024px) 100vw, 1024px\" \/><\/a><\/figure>\n\n\n\n<p>Kuvay\u0131 Milliye ate\u015finin yand\u0131\u011f\u0131 Bal\u0131kesir&#8217;de karde\u015flik me\u015falesini yakan Ahmet Ak\u0131n mahalli idareler se\u00e7imlerinde her kesimden se\u00e7menin reyini kazanarak Bal\u0131kesir B\u00fcy\u00fck\u015fehir Belediyesi Ba\u015fkan\u0131 se\u00e7ilmi\u015fti.<\/p>\n\n\n\n<p>Ahmet Ak\u0131n y\u0131llarca verdi\u011fi siyasi \u00e7al\u0131\u015fmalar\u0131n ve eme\u011fin semeresini g\u00f6rmeye ba\u015flad\u0131.Kamuyounda birle\u015ftirici ve b\u00fct\u00fcnle\u015ftirici mesajlar\u0131 ile kar\u015f\u0131l\u0131k bulan Bal\u0131kesir B\u00fcy\u00fck\u015fehir Belediyesi Ahmet Ak\u0131n&#8217;\u0131n Kubay\u0131 Milliyenin ba\u015fkenti Bal\u0131kesir&#8217;den yakt\u0131\u011f\u0131 dostluk ve karde\u015flik me\u015falesi Marmara B\u00f6lgesinde de kar\u015f\u0131l\u0131k buldu.<\/p>\n\n\n\n<p>Bal\u0131kesir B\u00fcy\u00fck\u015fehir Belediyesi Ba\u015fkan\u0131 Ahmet Ak\u0131n,bu g\u00fcn ger\u00e7ekle\u015fen genel kurulda Marmara Belediyeler Birli\u011finin yeni d\u00f6nem ba\u015fkan\u0131 se\u00e7ildi..<\/p>\n\n\n\n<p>Haber:Murat TOZAN<\/p>\n","protected":false},"excerpt":{"rendered":"<p>Bal\u0131kesir B\u00fcy\u00fck\u015fehir Belediyesi Ba\u015fkan\u0131 Ahmet Ak\u0131n,bu g\u00fcn ger\u00e7ekle\u015fen genel kurulda Marmara Belediyeler Birli\u011finin yeni d\u00f6nem ba\u015fkan\u0131 se\u00e7ildi.. Kuvay\u0131 Milliye ate\u015finin yand\u0131\u011f\u0131 Bal\u0131kesir&#8217;de karde\u015flik me\u015falesini yakan Ahmet Ak\u0131n mahalli idareler se\u00e7imlerinde her kesimden se\u00e7menin reyini kazanarak Bal\u0131kesir B\u00fcy\u00fck\u015fehir Belediyesi Ba\u015fkan\u0131 se\u00e7ilmi\u015fti&#8230;.<\/p>\n","protected":false},"author":1,"featured_media":39056,"comment_status":"closed","ping_status":"closed","sticky":false,"template":"","format":"standard","meta":{"footnotes":""},"categories":[1,20,36,21,23,35],"tags":[63,62,76,125],"class_list":["post-39055","post","type-post","status-publish","format-standard","has-post-thumbnail","hentry","category-genel","category-guncel","category-manset","category-ozelhaber","category-siyaset","category-son-dakika","tag-ahmet-akin","tag-balikesir","tag-balikesir-buyuksehir-belediyesi","tag-marmara-belediyeler-birligi"],"_links":{"self":[{"href":"http:\/\/gazetevizyon.com\/index.php?rest_route=\/wp\/v2\/posts\/39055","targetHints":{"allow":["GET"]}}],"collection":[{"href":"http:\/\/gazetevizyon.com\/index.php?rest_route=\/wp\/v2\/posts"}],"about":[{"href":"http:\/\/gazetevizyon.com\/index.php?rest_route=\/wp\/v2\/types\/post"}],"author":[{"embeddable":true,"href":"http:\/\/gazetevizyon.com\/index.php?rest_route=\/wp\/v2\/users\/1"}],"replies":[{"embeddable":true,"href":"http:\/\/gazetevizyon.com\/index.php?rest_route=%2Fwp%2Fv2%2Fcomments&post=39055"}],"version-history":[{"count":1,"href":"http:\/\/gazetevizyon.com\/index.php?rest_route=\/wp\/v2\/posts\/39055\/revisions"}],"predecessor-version":[{"id":39057,"href":"http:\/\/gazetevizyon.com\/index.php?rest_route=\/wp\/v2\/posts\/39055\/revisions\/39057"}],"wp:featuredmedia":[{"embeddable":true,"href":"http:\/\/gazetevizyon.com\/index.php?rest_route=\/wp\/v2\/media\/39056"}],"wp:attachment":[{"href":"http:\/\/gazetevizyon.com\/index.php?rest_route=%2Fwp%2Fv2%2Fmedia&parent=39055"}],"wp:term":[{"taxonomy":"category","embeddable":true,"href":"http:\/\/gazetevizyon.com\/index.php?rest_route=%2Fwp%2Fv2%2Fcategories&post=39055"},{"taxonomy":"post_tag","embeddable":true,"href":"http:\/\/gazetevizyon.com\/index.php?rest_route=%2Fwp%2Fv2%2Ftags&post=39055"}],"curies":[{"name":"wp","href":"https:\/\/api.w.org\/{rel}","templated":true}]}}