{"id":3947,"date":"2019-05-09T08:48:58","date_gmt":"2019-05-09T08:48:58","guid":{"rendered":"http:\/\/gazetevizyon.com\/?p=3947"},"modified":"2019-05-09T08:49:00","modified_gmt":"2019-05-09T08:49:00","slug":"karesinin-muhtar-ve-meclis-uyeleri-iftarda-bulustu","status":"publish","type":"post","link":"http:\/\/gazetevizyon.com\/?p=3947","title":{"rendered":"KARES\u0130\u2019N\u0130N MUHTAR VE MECL\u0130S \u00dcYELER\u0130 \u0130FTARDA BULU\u015eTU"},"content":{"rendered":"\n<p><strong>&#8211; KARES\u0130\u2019N\u0130N\nMUHTAR VE MECL\u0130S \u00dcYELER\u0130 \u0130FTARDA BULU\u015eTU<\/strong><\/p>\n\n\n\n<p><strong>&#8211; BA\u015eKAN ORKAN\u2019DAN\nMECL\u0130S \u00dcYELER\u0130 VE MUHTARLARA \u0130FTAR<\/strong><\/p>\n\n\n\n<p>Karesi Belediye Ba\u015fkan\u0131 Din\u00e7er Orkan, belediye meclis\n\u00fcyeleri ve mahalle muhtarlar\u0131yla iftarda bir araya geldi. Ba\u015fkan Orkan, mahallelerin\nihtiya\u00e7 ve sorunlar\u0131n\u0131n tespit edilmesi i\u00e7in muhtarlar\u0131 tek tek ziyaret\nedece\u011fini s\u00f6yledi.<\/p>\n\n\n\n<figure class=\"wp-block-image\"><img loading=\"lazy\" decoding=\"async\" width=\"1024\" height=\"683\" src=\"http:\/\/gazetevizyon.com\/wp-content\/uploads\/2019\/05\/iftar-2-1024x683.jpg\" alt=\"\" class=\"wp-image-3950\" srcset=\"http:\/\/gazetevizyon.com\/wp-content\/uploads\/2019\/05\/iftar-2-1024x683.jpg 1024w, http:\/\/gazetevizyon.com\/wp-content\/uploads\/2019\/05\/iftar-2-300x200.jpg 300w, http:\/\/gazetevizyon.com\/wp-content\/uploads\/2019\/05\/iftar-2-768x512.jpg 768w, http:\/\/gazetevizyon.com\/wp-content\/uploads\/2019\/05\/iftar-2-696x464.jpg 696w, http:\/\/gazetevizyon.com\/wp-content\/uploads\/2019\/05\/iftar-2-1068x712.jpg 1068w, http:\/\/gazetevizyon.com\/wp-content\/uploads\/2019\/05\/iftar-2-630x420.jpg 630w, http:\/\/gazetevizyon.com\/wp-content\/uploads\/2019\/05\/iftar-2.jpg 1599w\" sizes=\"auto, (max-width: 1024px) 100vw, 1024px\" \/><\/figure>\n\n\n\n<p>Karesi Belediye Ba\u015fkan\u0131 Din\u00e7er Orkan, belediye meclis\n\u00fcyeleri ve mahalle muhtarlar\u0131n\u0131 iftarda bulu\u015fturdu. Karesi Belediyesi Spor Toto\nTesisleri i\u00e7inde bulunan Karesi Kafe\u2019de d\u00fczenlenen iftar program\u0131 Kur\u2019an ve\ndualar\u0131n okunmas\u0131 ile ba\u015flad\u0131. Oru\u00e7lar\u0131n a\u00e7\u0131larak yemeklerin yenmesi ard\u0131ndan\nBa\u015fkan Orkan, dua okuttu. \u0130ftar davetine kat\u0131lanlara te\u015fekk\u00fcr eden Orkan, 31\nMart yerel se\u00e7imlerinin Karesi il\u00e7esinde herhangi bir s\u0131k\u0131nt\u0131 ya\u015fanmadan\nnezaket i\u00e7erisinde ge\u00e7ti\u011fini s\u00f6yledi. Bundan sonraki s\u00fcrecinde \u00f6nemli oldu\u011funu\nifade eden Orkan, birlik ve beraberlik i\u00e7erisinde, isti\u015farelerde bulunarak vatanda\u015flara\nhizmet edeceklerini belirtti.<\/p>\n\n\n\n<figure class=\"wp-block-image\"><img loading=\"lazy\" decoding=\"async\" width=\"1024\" height=\"683\" src=\"http:\/\/gazetevizyon.com\/wp-content\/uploads\/2019\/05\/iftar-5-1024x683.jpg\" alt=\"\" class=\"wp-image-3948\" srcset=\"http:\/\/gazetevizyon.com\/wp-content\/uploads\/2019\/05\/iftar-5-1024x683.jpg 1024w, http:\/\/gazetevizyon.com\/wp-content\/uploads\/2019\/05\/iftar-5-300x200.jpg 300w, http:\/\/gazetevizyon.com\/wp-content\/uploads\/2019\/05\/iftar-5-768x512.jpg 768w, http:\/\/gazetevizyon.com\/wp-content\/uploads\/2019\/05\/iftar-5-696x464.jpg 696w, http:\/\/gazetevizyon.com\/wp-content\/uploads\/2019\/05\/iftar-5-1068x712.jpg 1068w, http:\/\/gazetevizyon.com\/wp-content\/uploads\/2019\/05\/iftar-5-630x420.jpg 630w, http:\/\/gazetevizyon.com\/wp-content\/uploads\/2019\/05\/iftar-5.jpg 1599w\" sizes=\"auto, (max-width: 1024px) 100vw, 1024px\" \/><\/figure>\n\n\n\n<p><strong>BA\u015eKAN ORKAN\nMAHALLELER\u0130 TEK TEK Z\u0130YARET EDECEK<\/strong><\/p>\n\n\n\n<p>Belediye Ba\u015fkan\u0131 se\u00e7ilmeden \u00f6nce yapt\u0131\u011f\u0131 g\u00f6revlerde de\ns\u00fcrekli isti\u015farelerde buludu\u011funu anlatan Ba\u015fkan Orkan, \u201cBundan sonra en iyi\nhizmet i\u00e7in birlikte olmam\u0131z gerekiyor. Birlik ve beraberli\u011fimizi sa\u011flamam\u0131z\ngerekiyor. Bundan sonra da gerek meclis \u00fcyelerimiz, gerekse muhtarlar\u0131m\u0131z ile\ns\u00fcrekli bir araya gelece\u011fiz. \u0130stiyorum ki herkesin mahallesine gideyim.\nOralarda sizlerle g\u00f6r\u00fc\u015feyim. Sizlerin yan\u0131n\u0131za geldi\u011fimde sorunlar\u0131 daha kolay\ntepit ederek, \u00e7\u00f6z\u00fcmler bulaca\u011f\u0131m\u0131za inan\u0131yorum. Bu kapsamda mahallelerimize\nziyaretlerimize ba\u015flad\u0131k\u201d dedi.<\/p>\n\n\n\n<figure class=\"wp-block-image\"><img loading=\"lazy\" decoding=\"async\" width=\"960\" height=\"773\" src=\"http:\/\/gazetevizyon.com\/wp-content\/uploads\/2019\/05\/iftar-3.jpg\" alt=\"\" class=\"wp-image-3949\" srcset=\"http:\/\/gazetevizyon.com\/wp-content\/uploads\/2019\/05\/iftar-3.jpg 960w, http:\/\/gazetevizyon.com\/wp-content\/uploads\/2019\/05\/iftar-3-300x242.jpg 300w, http:\/\/gazetevizyon.com\/wp-content\/uploads\/2019\/05\/iftar-3-768x618.jpg 768w, http:\/\/gazetevizyon.com\/wp-content\/uploads\/2019\/05\/iftar-3-696x560.jpg 696w, http:\/\/gazetevizyon.com\/wp-content\/uploads\/2019\/05\/iftar-3-522x420.jpg 522w\" sizes=\"auto, (max-width: 960px) 100vw, 960px\" \/><\/figure>\n\n\n\n<p>Ba\u015fkan Orkan ard\u0131ndan s\u00f6z alan Karesi Muhtarlar Derne\u011fi\nBa\u015fkan\u0131 Mustafa Ayg\u00fcn\u2019de iftar i\u00e7in Ba\u015fkan Orkan\u2019a te\u015fekk\u00fcr etti. \u0130ftar\nprogram\u0131na meclis \u00fcyeleri ve muhtarlar\u0131n yan\u0131s\u0131ra belediye ba\u015fkan yard\u0131mc\u0131lar\u0131\nile birim m\u00fcd\u00fcrleri de kat\u0131ld\u0131. <\/p>\n","protected":false},"excerpt":{"rendered":"<p>&#8211; KARES\u0130\u2019N\u0130N MUHTAR VE MECL\u0130S \u00dcYELER\u0130 \u0130FTARDA BULU\u015eTU &#8211; BA\u015eKAN ORKAN\u2019DAN MECL\u0130S \u00dcYELER\u0130 VE MUHTARLARA \u0130FTAR Karesi Belediye Ba\u015fkan\u0131 Din\u00e7er Orkan, belediye meclis \u00fcyeleri ve mahalle muhtarlar\u0131yla iftarda bir araya geldi. Ba\u015fkan Orkan, mahallelerin ihtiya\u00e7 ve sorunlar\u0131n\u0131n tespit edilmesi i\u00e7in&#8230;<\/p>\n","protected":false},"author":3,"featured_media":3951,"comment_status":"open","ping_status":"open","sticky":false,"template":"","format":"standard","meta":{"footnotes":""},"categories":[20,36],"tags":[],"class_list":["post-3947","post","type-post","status-publish","format-standard","has-post-thumbnail","hentry","category-guncel","category-manset"],"_links":{"self":[{"href":"http:\/\/gazetevizyon.com\/index.php?rest_route=\/wp\/v2\/posts\/3947","targetHints":{"allow":["GET"]}}],"collection":[{"href":"http:\/\/gazetevizyon.com\/index.php?rest_route=\/wp\/v2\/posts"}],"about":[{"href":"http:\/\/gazetevizyon.com\/index.php?rest_route=\/wp\/v2\/types\/post"}],"author":[{"embeddable":true,"href":"http:\/\/gazetevizyon.com\/index.php?rest_route=\/wp\/v2\/users\/3"}],"replies":[{"embeddable":true,"href":"http:\/\/gazetevizyon.com\/index.php?rest_route=%2Fwp%2Fv2%2Fcomments&post=3947"}],"version-history":[{"count":1,"href":"http:\/\/gazetevizyon.com\/index.php?rest_route=\/wp\/v2\/posts\/3947\/revisions"}],"predecessor-version":[{"id":3952,"href":"http:\/\/gazetevizyon.com\/index.php?rest_route=\/wp\/v2\/posts\/3947\/revisions\/3952"}],"wp:featuredmedia":[{"embeddable":true,"href":"http:\/\/gazetevizyon.com\/index.php?rest_route=\/wp\/v2\/media\/3951"}],"wp:attachment":[{"href":"http:\/\/gazetevizyon.com\/index.php?rest_route=%2Fwp%2Fv2%2Fmedia&parent=3947"}],"wp:term":[{"taxonomy":"category","embeddable":true,"href":"http:\/\/gazetevizyon.com\/index.php?rest_route=%2Fwp%2Fv2%2Fcategories&post=3947"},{"taxonomy":"post_tag","embeddable":true,"href":"http:\/\/gazetevizyon.com\/index.php?rest_route=%2Fwp%2Fv2%2Ftags&post=3947"}],"curies":[{"name":"wp","href":"https:\/\/api.w.org\/{rel}","templated":true}]}}