{"id":4259,"date":"2019-05-28T07:33:34","date_gmt":"2019-05-28T07:33:34","guid":{"rendered":"http:\/\/gazetevizyon.com\/?p=4259"},"modified":"2019-05-28T07:33:36","modified_gmt":"2019-05-28T07:33:36","slug":"kulturel-istihdam-55-artti","status":"publish","type":"post","link":"http:\/\/gazetevizyon.com\/?p=4259","title":{"rendered":"K\u00dcLT\u00dcREL \u0130ST\u0130HDAM %5,5 ARTTI"},"content":{"rendered":"\n<p><strong>K\u00fclt\u00fcrel istihdam %5,5 artt\u0131<\/strong><\/p>\n\n\n\n<p>\u00dclkemizde 2018 y\u0131l\u0131nda k\u00fclt\u00fcrel istihdam bir \u00f6nceki y\u0131la g\u00f6re %5,5 artarak 648 bin ki\u015fi oldu.<\/p>\n\n\n\n<p><strong>K\u00fclt\u00fcrel istihdam\u0131n %50&#8217;sini kad\u0131nlar olu\u015fturdu<\/strong><\/p>\n\n\n\n<p>Erkekler 2018 y\u0131l\u0131nda k\u00fclt\u00fcrel istihdam\u0131n %50&#8217;sini, kad\u0131nlar da ayn\u0131 \u015fekilde %50&#8217;sini olu\u015fturdu.<br><br><strong>K\u00fclt\u00fcrel istihdam, 2017-2018<br>[15+ ya\u015f]<\/strong><br><\/p>\n\n\n\n<figure class=\"wp-block-image\"><img decoding=\"async\" src=\"http:\/\/www.tuik.gov.tr\/hb\/415\/kapak\/30590_img_1_415_28.05.2019608757266.jpg\" alt=\"\"\/><\/figure>\n\n\n\n<p><strong>K\u00fclt\u00fcrel istihdamda olanlar\u0131n %62,5&#8217;i 30-54 ya\u015f grubunda yer ald\u0131<\/strong><\/p>\n\n\n\n<p>Ya\u015f gruplar\u0131na g\u00f6re bak\u0131ld\u0131\u011f\u0131nda, k\u00fclt\u00fcrel istihdamda olanlar\u0131n %62,5&#8217;i 30-54 ya\u015f grubunda, %29&#8217;u 15-29 ya\u015f grubunda, %8,6&#8217;s\u0131 ise 55 ve daha yukar\u0131 ya\u015f grubunda yer ald\u0131.<\/p>\n\n\n\n<p><strong>K\u00fclt\u00fcrel istihdamda olanlar\u0131n %45,5&#8217;ini lise alt\u0131 e\u011fitimliler olu\u015fturdu<\/strong><\/p>\n\n\n\n<p>K\u00fclt\u00fcrel istihdamda olanlar\u0131n %45,5&#8217;ini lise alt\u0131 e\u011fitimliler, %32,1&#8217;ini y\u00fcksek\u00f6\u011fretim, %22,4&#8217;\u00fcn\u00fc ise lise ve dengi meslek okulu mezunu olanlar olu\u015fturdu.<\/p>\n\n\n\n<p><strong>K\u00fclt\u00fcrel istihdam\u0131n %59&#8217;u \u00fccretli, maa\u015fl\u0131 veya yevmiyeli olarak \u00e7al\u0131\u015ft\u0131<\/strong><\/p>\n\n\n\n<p>K\u00fclt\u00fcrel istihdamda olanlar\u0131n, %59&#8217;u \u00fccretli, maa\u015fl\u0131 veya yevmiyeli \u00e7al\u0131\u015f\u0131rken, %41&#8217;i i\u015fveren, kendi hesab\u0131na veya \u00fccretsiz aile i\u015f\u00e7isi olarak \u00e7al\u0131\u015ft\u0131. K\u00fclt\u00fcrel istihdamda olanlar\u0131n %71,3&#8217;\u00fc tam zamanl\u0131 \u00e7al\u0131\u015f\u0131rken, %28,7&#8217;si yar\u0131 zamanl\u0131 \u00e7al\u0131\u015ft\u0131. K\u00fclt\u00fcrel istihdamda yer alan ki\u015filerin haftal\u0131k ortalama normal \u00e7al\u0131\u015fma s\u00fcresi 37,7 saat oldu.<\/p>\n\n\n\n<p><strong>El sanatlar\u0131 \u00e7al\u0131\u015fanlar\u0131n\u0131n pay\u0131 %44,6 oldu<\/strong><\/p>\n\n\n\n<p>K\u00fclt\u00fcrel istihdam\u0131n %87,3&#8217;\u00fcn\u00fc k\u00fclt\u00fcrel meslek alanlar\u0131nda, %12,7&#8217;sini ise di\u011fer meslek alanlar\u0131nda \u00e7al\u0131\u015fanlar olu\u015fturdu. K\u00fclt\u00fcrel mesleki alanlar\u0131na bak\u0131ld\u0131\u011f\u0131nda k\u00fclt\u00fcrel istihdamda olanlar\u0131n %44,6&#8217;s\u0131 el sanatlar\u0131 \u00e7al\u0131\u015fanlar\u0131, %14&#8217;\u00fc mimar, planlamac\u0131 ve tasar\u0131mc\u0131lar olarak, %10&#8217;u ise yarat\u0131c\u0131 sanat\u00e7\u0131lar ve sahne sanat\u00e7\u0131lar\u0131 olarak \u00e7al\u0131\u015ft\u0131.<\/p>\n\n\n\n<p><strong>Mimarl\u0131k ve uzmanla\u015fm\u0131\u015f tasar\u0131m faaliyetlerinin pay\u0131 %10,5 oldu<\/strong><\/p>\n\n\n\n<p>K\u00fclt\u00fcrel istihdam\u0131n %31&#8217;ini k\u00fclt\u00fcrel faaliyet alanlar\u0131nda, %69&#8217;unu ise di\u011fer faaliyet alanlar\u0131nda \u00e7al\u0131\u015fanlar olu\u015fturdu. K\u00fclt\u00fcrel faaliyet alanlar\u0131na g\u00f6re &#8220;Mimarl\u0131k ve uzmanla\u015fm\u0131\u015f tasar\u0131m faaliyetleri&#8221;nde \u00e7al\u0131\u015fanlar\u0131n toplam k\u00fclt\u00fcrel istihdam i\u00e7indeki pay\u0131 %10,5, &#8220;yarat\u0131c\u0131 sanatlar, g\u00f6steri sanatlar\u0131 ve e\u011flence faaliyetleri&#8221;nde \u00e7al\u0131\u015fanlar\u0131n pay\u0131 %6,8, &#8220;Programc\u0131l\u0131k, yay\u0131nc\u0131l\u0131k ve haber ajanslar\u0131n\u0131n faaliyetleri&#8221;nde \u00e7al\u0131\u015fanlar\u0131n pay\u0131 ise&nbsp; %4,3 oldu.\n\n<\/p>\n","protected":false},"excerpt":{"rendered":"<p>K\u00fclt\u00fcrel istihdam %5,5 artt\u0131 \u00dclkemizde 2018 y\u0131l\u0131nda k\u00fclt\u00fcrel istihdam bir \u00f6nceki y\u0131la g\u00f6re %5,5 artarak 648 bin ki\u015fi oldu. K\u00fclt\u00fcrel istihdam\u0131n %50&#8217;sini kad\u0131nlar olu\u015fturdu Erkekler 2018 y\u0131l\u0131nda k\u00fclt\u00fcrel istihdam\u0131n %50&#8217;sini, kad\u0131nlar da ayn\u0131 \u015fekilde %50&#8217;sini olu\u015fturdu. K\u00fclt\u00fcrel istihdam, 2017-2018[15+ ya\u015f]&#8230;<\/p>\n","protected":false},"author":3,"featured_media":4260,"comment_status":"open","ping_status":"open","sticky":false,"template":"","format":"standard","meta":{"footnotes":""},"categories":[20,36],"tags":[],"class_list":["post-4259","post","type-post","status-publish","format-standard","has-post-thumbnail","hentry","category-guncel","category-manset"],"_links":{"self":[{"href":"http:\/\/gazetevizyon.com\/index.php?rest_route=\/wp\/v2\/posts\/4259","targetHints":{"allow":["GET"]}}],"collection":[{"href":"http:\/\/gazetevizyon.com\/index.php?rest_route=\/wp\/v2\/posts"}],"about":[{"href":"http:\/\/gazetevizyon.com\/index.php?rest_route=\/wp\/v2\/types\/post"}],"author":[{"embeddable":true,"href":"http:\/\/gazetevizyon.com\/index.php?rest_route=\/wp\/v2\/users\/3"}],"replies":[{"embeddable":true,"href":"http:\/\/gazetevizyon.com\/index.php?rest_route=%2Fwp%2Fv2%2Fcomments&post=4259"}],"version-history":[{"count":1,"href":"http:\/\/gazetevizyon.com\/index.php?rest_route=\/wp\/v2\/posts\/4259\/revisions"}],"predecessor-version":[{"id":4261,"href":"http:\/\/gazetevizyon.com\/index.php?rest_route=\/wp\/v2\/posts\/4259\/revisions\/4261"}],"wp:featuredmedia":[{"embeddable":true,"href":"http:\/\/gazetevizyon.com\/index.php?rest_route=\/wp\/v2\/media\/4260"}],"wp:attachment":[{"href":"http:\/\/gazetevizyon.com\/index.php?rest_route=%2Fwp%2Fv2%2Fmedia&parent=4259"}],"wp:term":[{"taxonomy":"category","embeddable":true,"href":"http:\/\/gazetevizyon.com\/index.php?rest_route=%2Fwp%2Fv2%2Fcategories&post=4259"},{"taxonomy":"post_tag","embeddable":true,"href":"http:\/\/gazetevizyon.com\/index.php?rest_route=%2Fwp%2Fv2%2Ftags&post=4259"}],"curies":[{"name":"wp","href":"https:\/\/api.w.org\/{rel}","templated":true}]}}