{"id":4451,"date":"2019-06-10T08:32:34","date_gmt":"2019-06-10T08:32:34","guid":{"rendered":"http:\/\/gazetevizyon.com\/?p=4451"},"modified":"2019-06-10T08:32:35","modified_gmt":"2019-06-10T08:32:35","slug":"yagisli-bir-haftaya-giriyoruz","status":"publish","type":"post","link":"http:\/\/gazetevizyon.com\/?p=4451","title":{"rendered":"YA\u011eI\u015eLI B\u0130R HAFTAYA G\u0130R\u0130YORUZ!"},"content":{"rendered":"\n<p><strong>Meteorolojik Uyar\u0131<\/strong><br>Bayram haftas\u0131 boyunca b\u00f6lgemizde etkili olan s\u0131cak havan\u0131n, yerini \u00f6n\u00fcm\u00fczdeki hafta s\u00fcresince b\u00f6lgemizin b\u00fcy\u00fck b\u00f6l\u00fcm\u00fcnde yer yer kuvvetli olmak \u00fczere g\u00f6k g\u00fcr\u00fclt\u00fcl\u00fc sa\u011fanak ya\u011f\u0131\u015flara b\u0131rakmas\u0131 bekleniyor.<br>Hafta boyunca b\u00f6lgemizde g\u00f6r\u00fclecek olan ya\u011f\u0131\u015flar\u0131n, b\u00f6lgemizin i\u00e7 kesimlerinde yer yer kuvvetli olaca\u011f\u0131 ve hayat\u0131 olumsuz etkileyebilece\u011fi (g\u00f6k g\u00fcr\u00fclt\u00fcl\u00fc sa\u011fanak ya\u011f\u0131\u015f, y\u0131ld\u0131r\u0131m, dolu, ya\u011f\u0131\u015f an\u0131nda kuvvetli r\u00fczg\u00e2r, ani sel, su bask\u0131n\u0131) tahmin ediliyor.<br>Hava s\u0131cakl\u0131klar\u0131n\u0131n biraz azalarak hafta ortas\u0131ndan itibaren \u00fclke genelinde mevsim normalleri civar\u0131nda seyredece\u011fi tahmin ediliyor.<br>Kuvvetli g\u00f6k g\u00fcr\u00fclt\u00fcl\u00fc sa\u011fanak ya\u011f\u0131\u015flar ve yerel dolu tahminleri i\u00e7in k\u0131sa s\u00fcreli tahminlerimiz ve uyar\u0131lar\u0131m\u0131z\u0131n takip edilmesi \u00f6nem arz etmektedir.\n\n<\/p>\n","protected":false},"excerpt":{"rendered":"<p>Meteorolojik Uyar\u0131Bayram haftas\u0131 boyunca b\u00f6lgemizde etkili olan s\u0131cak havan\u0131n, yerini \u00f6n\u00fcm\u00fczdeki hafta s\u00fcresince b\u00f6lgemizin b\u00fcy\u00fck b\u00f6l\u00fcm\u00fcnde yer yer kuvvetli olmak \u00fczere g\u00f6k g\u00fcr\u00fclt\u00fcl\u00fc sa\u011fanak ya\u011f\u0131\u015flara b\u0131rakmas\u0131 bekleniyor.Hafta boyunca b\u00f6lgemizde g\u00f6r\u00fclecek olan ya\u011f\u0131\u015flar\u0131n, b\u00f6lgemizin i\u00e7 kesimlerinde yer yer kuvvetli olaca\u011f\u0131 ve&#8230;<\/p>\n","protected":false},"author":3,"featured_media":4452,"comment_status":"open","ping_status":"open","sticky":false,"template":"","format":"standard","meta":{"footnotes":""},"categories":[20,36,35],"tags":[],"class_list":["post-4451","post","type-post","status-publish","format-standard","has-post-thumbnail","hentry","category-guncel","category-manset","category-son-dakika"],"_links":{"self":[{"href":"http:\/\/gazetevizyon.com\/index.php?rest_route=\/wp\/v2\/posts\/4451","targetHints":{"allow":["GET"]}}],"collection":[{"href":"http:\/\/gazetevizyon.com\/index.php?rest_route=\/wp\/v2\/posts"}],"about":[{"href":"http:\/\/gazetevizyon.com\/index.php?rest_route=\/wp\/v2\/types\/post"}],"author":[{"embeddable":true,"href":"http:\/\/gazetevizyon.com\/index.php?rest_route=\/wp\/v2\/users\/3"}],"replies":[{"embeddable":true,"href":"http:\/\/gazetevizyon.com\/index.php?rest_route=%2Fwp%2Fv2%2Fcomments&post=4451"}],"version-history":[{"count":1,"href":"http:\/\/gazetevizyon.com\/index.php?rest_route=\/wp\/v2\/posts\/4451\/revisions"}],"predecessor-version":[{"id":4453,"href":"http:\/\/gazetevizyon.com\/index.php?rest_route=\/wp\/v2\/posts\/4451\/revisions\/4453"}],"wp:featuredmedia":[{"embeddable":true,"href":"http:\/\/gazetevizyon.com\/index.php?rest_route=\/wp\/v2\/media\/4452"}],"wp:attachment":[{"href":"http:\/\/gazetevizyon.com\/index.php?rest_route=%2Fwp%2Fv2%2Fmedia&parent=4451"}],"wp:term":[{"taxonomy":"category","embeddable":true,"href":"http:\/\/gazetevizyon.com\/index.php?rest_route=%2Fwp%2Fv2%2Fcategories&post=4451"},{"taxonomy":"post_tag","embeddable":true,"href":"http:\/\/gazetevizyon.com\/index.php?rest_route=%2Fwp%2Fv2%2Ftags&post=4451"}],"curies":[{"name":"wp","href":"https:\/\/api.w.org\/{rel}","templated":true}]}}