{"id":4467,"date":"2019-06-11T06:43:09","date_gmt":"2019-06-11T06:43:09","guid":{"rendered":"http:\/\/gazetevizyon.com\/?p=4467"},"modified":"2019-06-11T06:43:11","modified_gmt":"2019-06-11T06:43:11","slug":"ayvalikta-1-gocmen-kacakcisi-tutuklandi","status":"publish","type":"post","link":"http:\/\/gazetevizyon.com\/?p=4467","title":{"rendered":"AYVALIK&#8217;TA 1 G\u00d6\u00c7MEN KA\u00c7AK\u00c7ISI TUTUKLANDI"},"content":{"rendered":"\n<p><strong>Ayval\u0131k&#8217;ta 1 G\u00f6\u00e7men Ka\u00e7ak\u00e7\u0131s\u0131 Tutukland\u0131.<\/strong><br>03.05.2019 g\u00fcn\u00fc Saat: 14.00 s\u0131ralar\u0131nda Ayval\u0131k G\u00fcne\u015f Adas\u0131 yak\u0131nlar\u0131nda Afgan uyruklu 16 g\u00f6\u00e7menin bulundu\u011fu ve uyru\u011fu belli olmayan 1 kaptan\u0131n kulland\u0131\u011f\u0131 botun batmas\u0131 sonucu meydana gelen \u00f6l\u00fcml\u00fc g\u00f6\u00e7men ka\u00e7ak\u00e7\u0131l\u0131\u011f\u0131 olay\u0131 sonucunda organizat\u00f6r oldu\u011fu tespit edilen firari \u015f\u00fcpheli Ayval\u0131k \u0130l\u00e7e Emniyet M\u00fcd\u00fcrl\u00fc\u011f\u00fc KOM Grup Amirli\u011fi g\u00f6revlilerince yakalanm\u0131\u015f ve gerekli adli i\u015flemler sonucu 10.06.2019 g\u00fcn\u00fc adli mercilere sevk edilmi\u015f ve tutuklanm\u0131\u015ft\u0131r.\n\n<\/p>\n","protected":false},"excerpt":{"rendered":"<p>Ayval\u0131k&#8217;ta 1 G\u00f6\u00e7men Ka\u00e7ak\u00e7\u0131s\u0131 Tutukland\u0131.03.05.2019 g\u00fcn\u00fc Saat: 14.00 s\u0131ralar\u0131nda Ayval\u0131k G\u00fcne\u015f Adas\u0131 yak\u0131nlar\u0131nda Afgan uyruklu 16 g\u00f6\u00e7menin bulundu\u011fu ve uyru\u011fu belli olmayan 1 kaptan\u0131n kulland\u0131\u011f\u0131 botun batmas\u0131 sonucu meydana gelen \u00f6l\u00fcml\u00fc g\u00f6\u00e7men ka\u00e7ak\u00e7\u0131l\u0131\u011f\u0131 olay\u0131 sonucunda organizat\u00f6r oldu\u011fu tespit edilen firari&#8230;<\/p>\n","protected":false},"author":3,"featured_media":4468,"comment_status":"open","ping_status":"open","sticky":false,"template":"","format":"standard","meta":{"footnotes":""},"categories":[20,36],"tags":[],"class_list":["post-4467","post","type-post","status-publish","format-standard","has-post-thumbnail","hentry","category-guncel","category-manset"],"_links":{"self":[{"href":"http:\/\/gazetevizyon.com\/index.php?rest_route=\/wp\/v2\/posts\/4467","targetHints":{"allow":["GET"]}}],"collection":[{"href":"http:\/\/gazetevizyon.com\/index.php?rest_route=\/wp\/v2\/posts"}],"about":[{"href":"http:\/\/gazetevizyon.com\/index.php?rest_route=\/wp\/v2\/types\/post"}],"author":[{"embeddable":true,"href":"http:\/\/gazetevizyon.com\/index.php?rest_route=\/wp\/v2\/users\/3"}],"replies":[{"embeddable":true,"href":"http:\/\/gazetevizyon.com\/index.php?rest_route=%2Fwp%2Fv2%2Fcomments&post=4467"}],"version-history":[{"count":1,"href":"http:\/\/gazetevizyon.com\/index.php?rest_route=\/wp\/v2\/posts\/4467\/revisions"}],"predecessor-version":[{"id":4469,"href":"http:\/\/gazetevizyon.com\/index.php?rest_route=\/wp\/v2\/posts\/4467\/revisions\/4469"}],"wp:featuredmedia":[{"embeddable":true,"href":"http:\/\/gazetevizyon.com\/index.php?rest_route=\/wp\/v2\/media\/4468"}],"wp:attachment":[{"href":"http:\/\/gazetevizyon.com\/index.php?rest_route=%2Fwp%2Fv2%2Fmedia&parent=4467"}],"wp:term":[{"taxonomy":"category","embeddable":true,"href":"http:\/\/gazetevizyon.com\/index.php?rest_route=%2Fwp%2Fv2%2Fcategories&post=4467"},{"taxonomy":"post_tag","embeddable":true,"href":"http:\/\/gazetevizyon.com\/index.php?rest_route=%2Fwp%2Fv2%2Ftags&post=4467"}],"curies":[{"name":"wp","href":"https:\/\/api.w.org\/{rel}","templated":true}]}}