{"id":4534,"date":"2019-06-14T09:37:47","date_gmt":"2019-06-14T09:37:47","guid":{"rendered":"http:\/\/gazetevizyon.com\/?p=4534"},"modified":"2019-06-14T09:37:49","modified_gmt":"2019-06-14T09:37:49","slug":"burhaniye-temaya-yeni-temsilci","status":"publish","type":"post","link":"http:\/\/gazetevizyon.com\/?p=4534","title":{"rendered":"BURHAN\u0130YE TEMA&#8217;YA YEN\u0130 TEMS\u0130LC\u0130"},"content":{"rendered":"<p><br>\n<br>\n<!--StartFragment--><\/p>\n\n\n<p><strong>TEMA Vakf\u0131 Bal\u0131kesir\nBurhaniye\u2019de faaliyetlerine ba\u015flad\u0131<\/strong><\/p>\n\n\n\n<p>TEMA Vakf\u0131 Bal\u0131kesir Burhaniye\n\u0130l\u00e7e Sorumlusu \u00d6zg\u00fcr ARAS g\u00f6reve ba\u015flad\u0131. Ba\u015fta toprak olmak \u00fczere t\u00fcm do\u011fal\nvarl\u0131klar\u0131 korumak i\u00e7in \u00e7al\u0131\u015fan TEMA Vakf\u0131\u2019n\u0131 temsil etmenin b\u00fcy\u00fck bir\nsorumluluk oldu\u011funu belirten \u00d6zg\u00fcr ARAS \u201cBug\u00fcn \u00fclke genelinde var olan yakla\u015f\u0131k\n800 bin g\u00f6n\u00fcll\u00fcs\u00fc, TEMA Vakf\u0131\u2019n\u0131n her zaman en b\u00fcy\u00fck g\u00fcc\u00fc olmu\u015ftur. Burhaniye\u2019de\ndo\u011fal varl\u0131klar\u0131n\u0131 ve s\u00fcrd\u00fcr\u00fclebilir ya\u015fam\u0131 korumak \u00fczere g\u00f6n\u00fcll\u00fc ekibimle\nbirlikte var g\u00fcc\u00fcm\u00fczle \u00e7al\u0131\u015faca\u011f\u0131z. Minik TEMA, Yavru TEMA, Ortaokul TEMA, Lise\nTEMA ve Gen\u00e7 TEMA gruplar\u0131n\u0131 olu\u015fturarak il\u00e7emizde g\u00f6n\u00fcll\u00fc say\u0131m\u0131z\u0131 art\u0131r\u0131p, il\u00e7emizde\ndo\u011fa ve \u00e7evre konusunda en \u00fcst d\u00fczeyde katk\u0131 sa\u011flayaca\u011f\u0131z.<strong> <\/strong>Bunun i\u00e7in de her zaman daha \u00e7ok g\u00f6n\u00fcll\u00fcye ihtiyac\u0131m\u0131z var.\nHerkesi TEMA g\u00f6n\u00fcll\u00fcs\u00fc olmaya ve destek vermeye \u00e7a\u011f\u0131r\u0131yoruz\u201d dedi.<\/p>\n\n\n\n<p>TEMA Vakf\u0131 Bal\u0131kesir Burhaniye\n\u0130l\u00e7e Sorumlulu\u011fu ekibi, topra\u011f\u0131 bereketli, havas\u0131 temiz, dereleri \u00e7a\u011flayan;\nya\u015fanabilir bir gelecek i\u00e7in \u00e7al\u0131\u015fmalar ger\u00e7ekle\u015ftirecek. Bu kapsamda do\u011fal\nvarl\u0131klar\u0131n korunmas\u0131 i\u00e7in kamuoyunu bilin\u00e7lendirme \u00e7al\u0131\u015fmalar\u0131 y\u00fcr\u00fctecek;\nverimli tar\u0131m topraklar\u0131n\u0131n, su varl\u0131klar\u0131n\u0131n, mera ve orman alanlar\u0131n\u0131n\nkorunmas\u0131 i\u00e7in \u00e7al\u0131\u015facak. Ekolojik okuryazar bireylerin yeti\u015fmesi i\u00e7in okullar\nve g\u00f6n\u00fcll\u00fc \u00f6\u011fretmenlerle i\u015f birli\u011fi ger\u00e7ekle\u015ftirerek TEMA Vakf\u0131\u2019n\u0131n \u00fccretsiz\ndo\u011fa e\u011fitimlerini toplumun t\u00fcm kesimlerine yayg\u0131nla\u015ft\u0131racak.<\/p>\n\n\n\n<p>TEMA Vakf\u0131 Bal\u0131kesir Burhaniye il\u00e7e ekibi, kamuoyunu\nbilgilendirme ve bilin\u00e7lendirmede en \u00f6nemli deste\u011fi il\u00e7ede g\u00f6rev yapan bas\u0131n\nmensuplar\u0131ndan alaca\u011f\u0131na inan\u0131yor. Yap\u0131lan t\u00fcm faaliyetler d\u00fczenli olarak yerel\nbas\u0131nla payla\u015f\u0131lacak. <\/p>\n\n\n<p><!--EndFragment--><br>\n<br>\n<\/p>","protected":false},"excerpt":{"rendered":"<p>TEMA Vakf\u0131 Bal\u0131kesir Burhaniye\u2019de faaliyetlerine ba\u015flad\u0131 TEMA Vakf\u0131 Bal\u0131kesir Burhaniye \u0130l\u00e7e Sorumlusu \u00d6zg\u00fcr ARAS g\u00f6reve ba\u015flad\u0131. Ba\u015fta toprak olmak \u00fczere t\u00fcm do\u011fal varl\u0131klar\u0131 korumak i\u00e7in \u00e7al\u0131\u015fan TEMA Vakf\u0131\u2019n\u0131 temsil etmenin b\u00fcy\u00fck bir sorumluluk oldu\u011funu belirten \u00d6zg\u00fcr ARAS \u201cBug\u00fcn \u00fclke genelinde&#8230;<\/p>\n","protected":false},"author":3,"featured_media":4535,"comment_status":"open","ping_status":"open","sticky":false,"template":"","format":"standard","meta":{"footnotes":""},"categories":[20,36],"tags":[],"class_list":["post-4534","post","type-post","status-publish","format-standard","has-post-thumbnail","hentry","category-guncel","category-manset"],"_links":{"self":[{"href":"http:\/\/gazetevizyon.com\/index.php?rest_route=\/wp\/v2\/posts\/4534","targetHints":{"allow":["GET"]}}],"collection":[{"href":"http:\/\/gazetevizyon.com\/index.php?rest_route=\/wp\/v2\/posts"}],"about":[{"href":"http:\/\/gazetevizyon.com\/index.php?rest_route=\/wp\/v2\/types\/post"}],"author":[{"embeddable":true,"href":"http:\/\/gazetevizyon.com\/index.php?rest_route=\/wp\/v2\/users\/3"}],"replies":[{"embeddable":true,"href":"http:\/\/gazetevizyon.com\/index.php?rest_route=%2Fwp%2Fv2%2Fcomments&post=4534"}],"version-history":[{"count":1,"href":"http:\/\/gazetevizyon.com\/index.php?rest_route=\/wp\/v2\/posts\/4534\/revisions"}],"predecessor-version":[{"id":4536,"href":"http:\/\/gazetevizyon.com\/index.php?rest_route=\/wp\/v2\/posts\/4534\/revisions\/4536"}],"wp:featuredmedia":[{"embeddable":true,"href":"http:\/\/gazetevizyon.com\/index.php?rest_route=\/wp\/v2\/media\/4535"}],"wp:attachment":[{"href":"http:\/\/gazetevizyon.com\/index.php?rest_route=%2Fwp%2Fv2%2Fmedia&parent=4534"}],"wp:term":[{"taxonomy":"category","embeddable":true,"href":"http:\/\/gazetevizyon.com\/index.php?rest_route=%2Fwp%2Fv2%2Fcategories&post=4534"},{"taxonomy":"post_tag","embeddable":true,"href":"http:\/\/gazetevizyon.com\/index.php?rest_route=%2Fwp%2Fv2%2Ftags&post=4534"}],"curies":[{"name":"wp","href":"https:\/\/api.w.org\/{rel}","templated":true}]}}