{"id":4568,"date":"2019-06-17T08:26:51","date_gmt":"2019-06-17T08:26:51","guid":{"rendered":"http:\/\/gazetevizyon.com\/?p=4568"},"modified":"2019-06-17T08:26:53","modified_gmt":"2019-06-17T08:26:53","slug":"er-meydanlarini-guclendirecegiz","status":"publish","type":"post","link":"http:\/\/gazetevizyon.com\/?p=4568","title":{"rendered":"&#8220;ER MEYDANLARINI G\u00dc\u00c7LEND\u0130RECE\u011e\u0130Z&#8221;"},"content":{"rendered":"\n<p><strong>&#8212;&#8220;ER MEYDANLARINI G\u00dc\u00c7LEND\u0130RECE\u011e\u0130Z&#8221;<br>\n&#8212;&#8220;ATA SPORUMUZU \u00d6ZEND\u0130RECE\u011e\u0130Z&#8221;<br>\n&#8212; YA\u011eLI G\u00dcRE\u015e D\u00dcZENLEYEN KENTLER B\u0130RL\u0130\u011e\u0130 BA\u015eKANI: Y\u00dcCEL YILMAZ <\/strong><\/p>\n\n\n\n<p>T\u00fcrkiye Ya\u011fl\u0131 G\u00fcre\u015f D\u00fczenleyen Kentler Birli\u011fi&#8217;ne oy\nbirli\u011fi ile se\u00e7ilerek birlik ba\u015fkan\u0131 olan Bal\u0131kesir B\u00fcy\u00fck\u015fehir Belediye Ba\u015fkan\u0131\nY\u00fccel Y\u0131lmaz, &#8220;Kurucusu oldu\u011fumuz birli\u011fin ba\u015fkanl\u0131\u011f\u0131 g\u00f6revini \u00fcstlendik.\nEr meydanlar\u0131n\u0131 g\u00fc\u00e7lendirerek, Ata sporumuzu \u00f6zendirece\u011fiz ve d\u00fcnyaya\ntan\u0131taca\u011f\u0131z. Ya\u011fl\u0131 G\u00fcre\u015fe g\u00f6n\u00fcl veren belediyelerimize te\u015fekk\u00fcr ederim&#8221;\ndedi. <\/p>\n\n\n\n<figure class=\"wp-block-image\"><img decoding=\"async\" src=\"http:\/\/balikesirgercek.com\/wp-content\/uploads\/2019\/06\/g\u00fcre\u015f-2-1024x683.jpg\" alt=\"\" class=\"wp-image-4837\"\/><\/figure>\n\n\n\n<p>T\u00fcrkiye Ya\u011fl\u0131 G\u00fcre\u015f D\u00fczenleyen Kentler Birli\u011fi Meclis\nToplant\u0131s\u0131, birli\u011fin merkezi olan Bal\u0131kesir\u2019de ger\u00e7ekle\u015ftirildi. Birlik \u00fcyesi;\nbelediye ba\u015fkanlar\u0131, meclis \u00fcyeleri, g\u00fcre\u015f a\u011falar\u0131n\u0131n yo\u011fun kat\u0131l\u0131m g\u00f6sterdi\u011fi meclis\ntoplant\u0131s\u0131n\u0131 y\u00f6netmek \u00fczere Divan Kurulu Ba\u015fkanl\u0131\u011f\u0131na, mevcut en ya\u015fl\u0131 \u00fcye\ns\u0131fat\u0131yla Bigadi\u00e7 Belediye Ba\u015fkan\u0131 \u0130smail Avcu, K\u00e2tip \u00fcyeliklerine de en gen\u00e7\n\u00fcye s\u0131fat\u0131yla; Bal\u0131kesir B\u00fcy\u00fck\u015fehir Belediyesi Meclis \u00dcyesi M. Zahid Bayram ve\nKavakl\u0131 Belediyesi Meclis \u00dcyesi Sercan Yaram\u0131\u015f getirildi. 31 Mart 2019 Mahalli\nidareler se\u00e7imlerinden sonra ilk kez ger\u00e7ekle\u015ftirilen Birlik Meclis Toplant\u0131s\u0131\n\u00e7er\u00e7evesinde; Birlik Ba\u015fkan\u0131, Meclis 1. Ba\u015fkan Vekili, Meclis 2. Ba\u015fkan Vekili,\nBirlik K\u00e2tip \u00dcyeleri, Enc\u00fcmen \u00dcyeleri ve \u0130htisas Komisyonlar\u0131 i\u00e7in se\u00e7imler\nger\u00e7ekle\u015ftirildi.<\/p>\n\n\n\n<p><strong>YEN\u0130 KADRO BEL\u0130RLEND\u0130<\/strong><\/p>\n\n\n\n<p>Yap\u0131lan ba\u015fkanl\u0131k se\u00e7imi neticesinde Ya\u011fl\u0131 G\u00fcre\u015f\nD\u00fczenleyen Kentler Birli\u011fi Ba\u015fkanl\u0131\u011f\u0131na kat\u0131lan meclis \u00fcyelerinin tamam\u0131n\u0131n\noyuyla, Bal\u0131kesir B\u00fcy\u00fck\u015fehir Belediye Ba\u015fkan\u0131 Y\u00fccel Y\u0131lmaz se\u00e7ildi. Yap\u0131lan\ndi\u011fer se\u00e7imlerin sonu\u00e7lar\u0131nda ise; Meclis 1. Ba\u015fkan Vekilli\u011fine Edirne Belediye\nBa\u015fkan\u0131 Recep G\u00fcrkan, Meclis 2. Ba\u015fkan Vekilli\u011fine Alanya Belediye Ba\u015fkan\u0131 Adem\nMurat Y\u00fccel, Asil Katip \u00dcyeliklerine; Karesi Belediyesi Meclis \u00dcyesi Ba\u015far Atikbay,\nKepsut Belediyesi Meclis \u00dcyesi Feyzullah Uygur, Yedek Katip \u00dcyeliklerine;\nKaresi Belediyesi Meclis \u00dcyesi Kemal Ayd\u0131n, Burhaniye Belediyesi Meclis \u00dcyesi\nMurat Yazgan, Enc\u00fcmen \u00dcyeliklerine ise; Edirne Belediye Ba\u015fkan\u0131 Recep G\u00fcrkan,\nElmal\u0131 Belediye Ba\u015fkan\u0131 Halil \u00d6zt\u00fcrk, Konyaalt\u0131 Belediye Ba\u015fkan\u0131 Semih Esen,\nYunusemre Belediye Ba\u015fkan\u0131 Dr. Mehmet \u00c7er\u00e7i, Karesi Belediye Ba\u015fkan\u0131 Din\u00e7er\nOrkan, Gebze Belediye Ba\u015fkan\u0131 Zinnur B\u00fcy\u00fckg\u00f6z getirildi.<\/p>\n\n\n\n<figure class=\"wp-block-image\"><img decoding=\"async\" src=\"http:\/\/balikesirgercek.com\/wp-content\/uploads\/2019\/06\/g\u00fcre\u015f-1-1024x683.jpeg\" alt=\"\" class=\"wp-image-4838\"\/><\/figure>\n\n\n\n<p><strong>\u201cPEHL\u0130VANLARIMIZDAN OLUMLU TEPK\u0130LER ALDIK\u201d<\/strong><\/p>\n\n\n\n<p>Kepsut Belediye Ba\u015fkan\u0131 \u0130smail Cankul taraf\u0131ndan adayl\u0131\u011f\u0131\nteklif edilen ve oy birli\u011fiyle birlik ba\u015fkan\u0131 olan Bal\u0131kesir B\u00fcy\u00fck\u015fehir\nBelediye Ba\u015fkan\u0131 Y\u00fccel Y\u0131lmaz, g\u00f6sterdikleri tevecc\u00fchten dolay\u0131 birlik\n\u00fcyelerine te\u015fekk\u00fcrlerini ileterek, \u015f\u00f6yle konu\u015ftu:<\/p>\n\n\n\n<p>\u201c2014 y\u0131l\u0131nda yapm\u0131\u015f oldu\u011fumuz g\u00fcre\u015flerde\npehlivanlar\u0131m\u0131zdan olumlu tepkiler ald\u0131k. Dediler ki; ke\u015fke buradaki ayr\u0131nt\u0131\n\u00f6zen b\u00fct\u00fcn belediyelerde, b\u00fct\u00fcn g\u00fcre\u015f organizasyonlar\u0131nda olsa. Sonra 2015\ny\u0131l\u0131nda bir \u00e7al\u0131\u015ftay yap\u0131ld\u0131, kimler burada taraf ise davet edelim dedik. Asya\nTermal Otel\u2019de; g\u00fcre\u015f severlerle, pehlivanlarla, cazg\u0131rlarla, eski a\u011flar\u0131m\u0131zla,\nmevcut a\u011falar\u0131m\u0131zla, federasyondan yetkili arkada\u015flar\u0131m\u0131zla bir araya geldik. 3\ng\u00fcn bir toplant\u0131 yapt\u0131k. Bal\u0131kesir B\u00fcy\u00fck\u015fehir Belediyemiz ev sahipli\u011finde\nKaresi Belediyesi organizasyonunda ger\u00e7ekle\u015ftirdik&#8221; dedi. <\/p>\n\n\n\n<figure class=\"wp-block-image\"><img decoding=\"async\" src=\"http:\/\/balikesirgercek.com\/wp-content\/uploads\/2019\/06\/g\u00fcre\u015f-1-1024x683.jpg\" alt=\"\" class=\"wp-image-4839\"\/><\/figure>\n\n\n\n<p><strong>&nbsp;\u201cYA\u011eLI G\u00dcRE\u015e\u0130\nT\u00dcM D\u00dcNYAYA ANLATACA\u011eIZ\u201d<\/strong><\/p>\n\n\n\n<p>Ya\u011fl\u0131 g\u00fcre\u015fin, T\u00fcrkiye\u2019nin k\u00fclt\u00fcrel ve soyut bir miras\u0131\noldu\u011funu vurgulayan Ba\u015fkan Y\u00fccel Y\u0131lmaz \u201cYa\u011fl\u0131 g\u00fcre\u015fin bizim k\u00fclt\u00fcr\u00fcm\u00fcz\u00fc\nyans\u0131tan bir spor oldu\u011funu ve T\u00fcrk\u2019e \u00f6zel bir spor oldu\u011funu t\u00fcm d\u00fcnyaya\nanlatmak istiyoruz. Birli\u011fimizin k\u00f6k\u00fcnde bu k\u00fclt\u00fcrel miras\u0131m\u0131z\u0131 ya\u015fatmak,\norijinalitesini devam ettirmek var. Bunun do\u011fal seyircisi sabah saat: 07.00\u2019de\ngeliyor, ak\u015fam ezan\u0131na kadar g\u00fcre\u015fler devam etti\u011fi s\u00fcrece bir \u015fekilde orada\nbekliyor. Bir rivayete g\u00f6re 20 milyon seyircisi olan bir spor. K\u0131rsal\nmahallelerimizde var. Ben k\u00fc\u00e7\u00fckken babam Almanya\u2019dan geldi\u011finde nerede g\u00fcre\u015f\nvarsa oraya giderdik. Oradan kalma bir tutku. Babamla da \u00f6zle\u015ftirdi\u011fim bir \u015fey.\nTabii biz o zaman anlam\u0131yorduk ne oldu\u011funu. \u015eimdi daha iyi anl\u0131yoruz. \u00d6nceden\ng\u00fcre\u015flere ilgisi olmayan insanlar art\u0131k; \u0130smail Balaban\u2019\u0131, Orhan Okulu\u2019yu takip\nediyorlar. Birka\u00e7 kere seyreden seyrettikten sonra da m\u00fcdavimi oluyor, \u00f6yle\ng\u00fczel bir spor. Buna hizmet etmek i\u00e7in yola \u00e7\u0131kt\u0131k. Yeni meclis \u00fcyesi olan\narkada\u015flar\u0131m\u0131za bizlerle beraber olduklar\u0131 i\u00e7in te\u015fekk\u00fcr ediyor, bundan sonra\nyapacaklar\u0131 katk\u0131lar i\u00e7inde \u015fimdiden te\u015fekk\u00fcr ediyoruz.\u201d diye konu\u015ftu.<br>\nBa\u015fkan Y\u0131lmaz, 31 Mart se\u00e7imlerinin ard\u0131ndan ba\u015fkanlardan baz\u0131lar\u0131n\u0131n de\u011fi\u015fmesi\nnedeniyle birli\u011fin kurulumundan bu yana i\u00e7inde bulunan Bal\u0131kesir\u2019in ilk fahri\nhem\u015fehrilik \u00fcnvan\u0131n\u0131 alan K\u00e2\u011f\u0131thane A\u011fas\u0131 Yusuf Yolda\u015f\u2019tan yeni \u00fcyeleri\nbilgilendirmesini istedi.<\/p>\n\n\n\n<figure class=\"wp-block-image\"><img decoding=\"async\" src=\"http:\/\/balikesirgercek.com\/wp-content\/uploads\/2019\/06\/g\u00fcre\u015f-2-1024x683.jpeg\" alt=\"\" class=\"wp-image-4840\"\/><\/figure>\n\n\n\n<p><strong>KURTDEREL\u0130 G\u00dcRE\u015eLER\u0130 MARKA HAL\u0130NE GELD\u0130<\/strong><\/p>\n\n\n\n<p>T\u00fcrkiye Ya\u011fl\u0131 G\u00fcre\u015f D\u00fczenleyen Kentler Birli\u011fi\u2019nin \u0130stanbul\u2019da,\nBa\u015fkan Y\u0131lmaz ve beraberinde baz\u0131 belediye ba\u015fkanlar\u0131yla beraber bir birlik\nkurulmas\u0131 y\u00f6n\u00fcnde ger\u00e7ekle\u015ftirilen isti\u015farelerin sonucu oldu\u011funu belirten fahri\nhem\u015fehrimiz Yusuf Yolda\u015f \u201c\u015eimdi yan\u0131m\u0131zda olmayan arkada\u015flar\u0131m\u0131z var. Y\u00fcre\u011fi ve\ng\u00f6nl\u00fc bol karde\u015fimiz ba\u015fkan\u0131m\u0131z bug\u00fcn i\u015fte bu ba\u015far\u0131lar\u0131n\u0131n ve azminin\nsonucunda Bal\u0131kesir B\u00fcy\u00fck\u015fehir Belediyesi\u2019ne de ba\u015fkan olman\u0131n onurunu ya\u015f\u0131yor.\nBir\u00e7ok projelerimiz vard\u0131. O g\u00fcnk\u00fc d\u00fc\u015f\u00fcncelerimize duyarl\u0131 kalarak elini bu\ni\u015fin, ta\u015f\u0131n alt\u0131na koyan Y\u00fccel Ba\u015fkan\u0131ma te\u015fekk\u00fcr ediyorum. Eme\u011fi ge\u00e7en,\nge\u00e7mi\u015fteki ba\u015fkanlar\u0131m\u0131za te\u015fekk\u00fcr ediyorum. E\u011fer o g\u00fcn \u0130stanbul\u2019da o temel\nat\u0131lmasayd\u0131, belki bug\u00fcnler olmayacakt\u0131. Her zaman daha ileriye gidebilecek\nneler yapabilirizin gayreti i\u00e7erisinde olaca\u011f\u0131z. \u0130n\u015fallah, bizim de hedefledi\u011fimiz\nd\u00fc\u015f\u00fcnd\u00fc\u011f\u00fcm\u00fcz g\u00fcre\u015f \u00e7\u0131tas\u0131n\u0131 daha yukar\u0131ya ta\u015f\u0131yabilecek; a\u011fas\u0131yla,\ng\u00fcre\u015f\u00e7isiyle, cazg\u0131r\u0131yla, davulcusuyla, pehlivan\u0131yla beraber projeler\nsunaca\u011f\u0131z. Bug\u00fcn Kurtdereli G\u00fcre\u015fleri organize ve g\u00fcre\u015f a\u00e7\u0131s\u0131ndan marka haline\ngeldi. Herkesi g\u00fcre\u015fe verdi\u011fi hizmetten dolay\u0131 ba\u015fta Y\u00fccel Ba\u015fkan\u0131m olmak \u00fczere\nbundan sonraki birlik ba\u015fkanl\u0131\u011f\u0131 da hay\u0131rl\u0131 olsun ba\u015far\u0131lar diliyorum, hepinize\nsayg\u0131lar\u0131m\u0131 sunuyorum.\u201d dedi.<\/p>\n\n\n\n<figure class=\"wp-block-image\"><img decoding=\"async\" src=\"http:\/\/balikesirgercek.com\/wp-content\/uploads\/2019\/06\/g\u00fcre\u015f-3-1024x683.jpg\" alt=\"\" class=\"wp-image-4841\"\/><\/figure>\n\n\n\n<p><strong>\u0130ST\u0130\u015eARE HEYET\u0130 KURULACAK<\/strong><\/p>\n\n\n\n<p>Toplant\u0131 s\u00fcresince g\u00f6r\u00fc\u015f\u00fclen ve karara ba\u011flanan g\u00fcndem\nmaddelerinin yan\u0131 s\u0131ra, ek g\u00fcndem maddesi \u00f6nerisi ile \u0130sti\u015fare Heyeti\u2019nin\nkurulmas\u0131 oylanarak kabul edildi. Ya\u011fl\u0131 G\u00fcre\u015f camias\u0131n\u0131n ve g\u00fcre\u015flerin; d\u00fcn\u00fc,\nbug\u00fcn\u00fc ve gelece\u011fine dair bas\u0131n mensuplar\u0131, a\u011falar, belediye ba\u015fkanlar\u0131 ve\nmeclis \u00fcyelerince payla\u015f\u0131mlar ve konu\u015fmalar ger\u00e7ekle\u015ftirildi.<\/p>\n\n\n\n<p>Toplant\u0131 sonunda Birlik Ba\u015fkan\u0131 se\u00e7ilen Bal\u0131kesir\nB\u00fcy\u00fck\u015fehir Belediye Ba\u015fkan\u0131 Y\u00fccel Y\u0131lmaz, tebrikleri kabul etti ve \u015fehir\nd\u0131\u015f\u0131ndan gelen meclis \u00fcyeleri ile isti\u015fare toplant\u0131s\u0131 ger\u00e7ekle\u015ftirdi.<\/p>\n","protected":false},"excerpt":{"rendered":"<p>&#8212;&#8220;ER MEYDANLARINI G\u00dc\u00c7LEND\u0130RECE\u011e\u0130Z&#8221; &#8212;&#8220;ATA SPORUMUZU \u00d6ZEND\u0130RECE\u011e\u0130Z&#8221; &#8212; YA\u011eLI G\u00dcRE\u015e D\u00dcZENLEYEN KENTLER B\u0130RL\u0130\u011e\u0130 BA\u015eKANI: Y\u00dcCEL YILMAZ T\u00fcrkiye Ya\u011fl\u0131 G\u00fcre\u015f D\u00fczenleyen Kentler Birli\u011fi&#8217;ne oy birli\u011fi ile se\u00e7ilerek birlik ba\u015fkan\u0131 olan Bal\u0131kesir B\u00fcy\u00fck\u015fehir Belediye Ba\u015fkan\u0131 Y\u00fccel Y\u0131lmaz, &#8220;Kurucusu oldu\u011fumuz birli\u011fin ba\u015fkanl\u0131\u011f\u0131 g\u00f6revini \u00fcstlendik&#8230;.<\/p>\n","protected":false},"author":3,"featured_media":4569,"comment_status":"open","ping_status":"open","sticky":false,"template":"","format":"standard","meta":{"footnotes":""},"categories":[20,36],"tags":[],"class_list":["post-4568","post","type-post","status-publish","format-standard","has-post-thumbnail","hentry","category-guncel","category-manset"],"_links":{"self":[{"href":"http:\/\/gazetevizyon.com\/index.php?rest_route=\/wp\/v2\/posts\/4568","targetHints":{"allow":["GET"]}}],"collection":[{"href":"http:\/\/gazetevizyon.com\/index.php?rest_route=\/wp\/v2\/posts"}],"about":[{"href":"http:\/\/gazetevizyon.com\/index.php?rest_route=\/wp\/v2\/types\/post"}],"author":[{"embeddable":true,"href":"http:\/\/gazetevizyon.com\/index.php?rest_route=\/wp\/v2\/users\/3"}],"replies":[{"embeddable":true,"href":"http:\/\/gazetevizyon.com\/index.php?rest_route=%2Fwp%2Fv2%2Fcomments&post=4568"}],"version-history":[{"count":1,"href":"http:\/\/gazetevizyon.com\/index.php?rest_route=\/wp\/v2\/posts\/4568\/revisions"}],"predecessor-version":[{"id":4570,"href":"http:\/\/gazetevizyon.com\/index.php?rest_route=\/wp\/v2\/posts\/4568\/revisions\/4570"}],"wp:featuredmedia":[{"embeddable":true,"href":"http:\/\/gazetevizyon.com\/index.php?rest_route=\/wp\/v2\/media\/4569"}],"wp:attachment":[{"href":"http:\/\/gazetevizyon.com\/index.php?rest_route=%2Fwp%2Fv2%2Fmedia&parent=4568"}],"wp:term":[{"taxonomy":"category","embeddable":true,"href":"http:\/\/gazetevizyon.com\/index.php?rest_route=%2Fwp%2Fv2%2Fcategories&post=4568"},{"taxonomy":"post_tag","embeddable":true,"href":"http:\/\/gazetevizyon.com\/index.php?rest_route=%2Fwp%2Fv2%2Ftags&post=4568"}],"curies":[{"name":"wp","href":"https:\/\/api.w.org\/{rel}","templated":true}]}}