{"id":4880,"date":"2019-07-10T09:26:30","date_gmt":"2019-07-10T09:26:30","guid":{"rendered":"http:\/\/gazetevizyon.com\/?p=4880"},"modified":"2019-07-10T09:26:31","modified_gmt":"2019-07-10T09:26:31","slug":"baliklar-dogal-yasam-alanlarina-tasiniyor","status":"publish","type":"post","link":"http:\/\/gazetevizyon.com\/?p=4880","title":{"rendered":"BALIKLAR DO\u011eAL YA\u015eAM ALANLARINA TA\u015eINIYOR"},"content":{"rendered":"\n<p><strong>&#8212;BALIKLAR DO\u011eAL YA\u015eAM &nbsp;ALANLARINA TA\u015eINIYOR<\/strong><\/p>\n\n\n\n<p><strong>&#8212;40 B\u0130N SAZANIN YEN\u0130 EV\u0130 G\u00d6LETLER <\/strong><\/p>\n\n\n\n<p><strong>&#8212;\u00c7AY DERES\u0130 TEM\u0130ZLENEREK YEN\u0130DEN DOLDURULACAK<\/strong><\/p>\n\n\n\n<p>Bal\u0131kesir \u00c7ay Deresi Rekreasyon Alan\u0131\u2019nda say\u0131s\u0131 40\nbinlere ula\u015fan pullu ve aynal\u0131 sazanlar, civar il\u00e7elerdeki g\u00f6letlere\nnaklediliyor. Naklin tamamlanmas\u0131n\u0131n ard\u0131ndan \u00c7ay Deresi temizlenerek, yeniden\ndoldurulacak. <\/p>\n\n\n\n<figure class=\"wp-block-image\"><img decoding=\"async\" src=\"http:\/\/balikesirgercek.com\/wp-content\/uploads\/2019\/07\/2ee4ebe8-2240-4f90-9fc2-4947f8681ef2-1024x682.jpg\" alt=\"\" class=\"wp-image-5172\"\/><\/figure>\n\n\n\n<p>Bal\u0131kesir B\u00fcy\u00fck\u015fehir Belediyesi taraf\u0131ndan 2016 y\u0131l\u0131n\u0131n\nMay\u0131s ay\u0131nda \u00c7ay Deresi Rekreasyon Alan\u0131\u2019na b\u0131rak\u0131lan 400 pullu ve aynal\u0131\nsazan\u0131n say\u0131s\u0131 \u00fc\u00e7 y\u0131l i\u00e7erisinde 40 bine ula\u015ft\u0131. Bal\u0131kesir B\u00fcy\u00fck\u015fehir Belediye\nBa\u015fkan\u0131 Y\u00fccel Y\u0131lmaz&#8217;\u0131n talimat\u0131 ile K\u0131rsal Hizmetler Daire Ba\u015fkanl\u0131\u011f\u0131\ntaraf\u0131ndan \u00c7ay Deresi zemininde olu\u015fan bal\u00e7\u0131\u011f\u0131n temizlenmesi i\u00e7in bal\u0131k nakli\nve su tahliyesi \u00e7al\u0131\u015fmalar\u0131 ba\u015flat\u0131ld\u0131. \u00d6zel bir sistemle bal\u0131klar zarar\ng\u00f6rmeden \u00e7evre il\u00e7elere nakledilirken bir yandan da su tahliyesi devam ediyor.\nBal\u0131klar\u0131n nakliyesi tamamland\u0131ktan sonra kanal\u0131n kapaklar\u0131 a\u00e7\u0131larak i\u015f\nmakineleri ile zemindeki bal\u00e7\u0131k temizlenip, yeniden doldurulacak.<\/p>\n\n\n\n<figure class=\"wp-block-image\"><img decoding=\"async\" src=\"http:\/\/balikesirgercek.com\/wp-content\/uploads\/2019\/07\/3d9abf85-796c-49ec-a3f0-ad7dd2498df6-1024x719.jpg\" alt=\"\" class=\"wp-image-5173\"\/><\/figure>\n\n\n\n<p><strong>ZEM\u0130NDEK\u0130 BAL\u00c7IK TEM\u0130ZLENECEK<\/strong><\/p>\n\n\n\n<p>2016 y\u0131l\u0131nda &#8216;\u00c7ay Deresi Bal\u0131kland\u0131rma Projesi&#8217;\nkapsam\u0131nda aynal\u0131 ve pullu olmak \u00fczere 400 adet sazan bal\u0131\u011f\u0131n\u0131n \u00c7ay Deresi&#8217;ne\nsal\u0131nd\u0131\u011f\u0131 bilgisini veren K\u0131rsal Hizmetler Daire Ba\u015fkanl\u0131\u011f\u0131 Hayvansal \u00dcretim\n\u015eube M\u00fcd\u00fcr\u00fc Veteriner Hekim Mehmet Hezer &#8220;Bug\u00fcn itibari ile bal\u0131klar\u0131n\nsay\u0131s\u0131 ortalama 40 bine ula\u015ft\u0131. Bal\u0131k \u00fcremesinin devam etmesi ve zarar\ng\u00f6rmemeleri i\u00e7in \u00fc\u00e7 y\u0131ld\u0131r \u00c7ay Deresi&#8217;nde kanal zemin temizli\u011fi yap\u0131lamad\u0131.\nBal\u0131klar\u0131n sa\u011fl\u0131\u011f\u0131 ve \u00e7evre temizli\u011fi a\u00e7\u0131s\u0131ndan bal\u0131klar\u0131n naklinin akabinde\nzemindeki bal\u00e7\u0131k temizlenecek.&#8221; dedi.<\/p>\n\n\n\n<figure class=\"wp-block-image\"><img decoding=\"async\" src=\"http:\/\/balikesirgercek.com\/wp-content\/uploads\/2019\/07\/82bd51ec-ba18-447f-a0ca-a6af8ccbd23d-1024x614.jpg\" alt=\"\" class=\"wp-image-5174\"\/><\/figure>\n\n\n\n<p><strong>G\u00d6LETLERDE BALIK POP\u00dcLASYONU ARTACAK<\/strong><\/p>\n\n\n\n<p>Bal\u0131klar\u0131 aktarmak i\u00e7in Band\u0131rma&#8217;dan \u00f6zel getirtilen 25\nton kapasiteli, 5 adet b\u00f6lmeli ve oksijen tanklar\u0131 olan bal\u0131k aktarma tankeri\nkulland\u0131klar\u0131n\u0131 ifade eden Hezer &#8220;Bal\u0131klar\u0131m\u0131z nakil esnas\u0131nda hi\u00e7bir\nzaman oksijensiz kalm\u0131yor ve bal\u0131klar bu \u015fekilde g\u00f6letlere sa\u011fl\u0131kl\u0131 bir \u015fekilde\naktar\u0131l\u0131yor. Bal\u0131klar zarar g\u00f6rmeden profesyonel bal\u0131k nakil sistemi ile\nbal\u0131klar\u0131m\u0131z\u0131; S\u0131nd\u0131rg\u0131, Bigadi\u00e7, \u0130vrindi ve Balya&#8217;daki g\u00f6letlere sal\u0131yoruz. Bu\nsayede g\u00f6letlerdeki bal\u0131k pop\u00fclasyonunu da art\u0131r\u0131yoruz.&#8221; a\u00e7\u0131klamas\u0131nda\nbulundu.<\/p>\n\n\n\n<figure class=\"wp-block-image\"><img decoding=\"async\" src=\"http:\/\/balikesirgercek.com\/wp-content\/uploads\/2019\/07\/c1c8f129-8232-46d8-a257-d017c6c3a5aa-1024x610.jpg\" alt=\"\" class=\"wp-image-5175\"\/><\/figure>\n\n\n\n<figure class=\"wp-block-image\"><img decoding=\"async\" src=\"http:\/\/balikesirgercek.com\/wp-content\/uploads\/2019\/07\/98632d64-7e0c-4fb9-9107-845a0b2946b0-1024x682.jpg\" alt=\"\" class=\"wp-image-5176\"\/><\/figure>\n","protected":false},"excerpt":{"rendered":"<p>&#8212;BALIKLAR DO\u011eAL YA\u015eAM &nbsp;ALANLARINA TA\u015eINIYOR &#8212;40 B\u0130N SAZANIN YEN\u0130 EV\u0130 G\u00d6LETLER &#8212;\u00c7AY DERES\u0130 TEM\u0130ZLENEREK YEN\u0130DEN DOLDURULACAK Bal\u0131kesir \u00c7ay Deresi Rekreasyon Alan\u0131\u2019nda say\u0131s\u0131 40 binlere ula\u015fan pullu ve aynal\u0131 sazanlar, civar il\u00e7elerdeki g\u00f6letlere naklediliyor. Naklin tamamlanmas\u0131n\u0131n ard\u0131ndan \u00c7ay Deresi temizlenerek, yeniden&#8230;<\/p>\n","protected":false},"author":3,"featured_media":4881,"comment_status":"open","ping_status":"open","sticky":false,"template":"","format":"standard","meta":{"footnotes":""},"categories":[20,36],"tags":[],"class_list":["post-4880","post","type-post","status-publish","format-standard","has-post-thumbnail","hentry","category-guncel","category-manset"],"_links":{"self":[{"href":"http:\/\/gazetevizyon.com\/index.php?rest_route=\/wp\/v2\/posts\/4880","targetHints":{"allow":["GET"]}}],"collection":[{"href":"http:\/\/gazetevizyon.com\/index.php?rest_route=\/wp\/v2\/posts"}],"about":[{"href":"http:\/\/gazetevizyon.com\/index.php?rest_route=\/wp\/v2\/types\/post"}],"author":[{"embeddable":true,"href":"http:\/\/gazetevizyon.com\/index.php?rest_route=\/wp\/v2\/users\/3"}],"replies":[{"embeddable":true,"href":"http:\/\/gazetevizyon.com\/index.php?rest_route=%2Fwp%2Fv2%2Fcomments&post=4880"}],"version-history":[{"count":1,"href":"http:\/\/gazetevizyon.com\/index.php?rest_route=\/wp\/v2\/posts\/4880\/revisions"}],"predecessor-version":[{"id":4882,"href":"http:\/\/gazetevizyon.com\/index.php?rest_route=\/wp\/v2\/posts\/4880\/revisions\/4882"}],"wp:featuredmedia":[{"embeddable":true,"href":"http:\/\/gazetevizyon.com\/index.php?rest_route=\/wp\/v2\/media\/4881"}],"wp:attachment":[{"href":"http:\/\/gazetevizyon.com\/index.php?rest_route=%2Fwp%2Fv2%2Fmedia&parent=4880"}],"wp:term":[{"taxonomy":"category","embeddable":true,"href":"http:\/\/gazetevizyon.com\/index.php?rest_route=%2Fwp%2Fv2%2Fcategories&post=4880"},{"taxonomy":"post_tag","embeddable":true,"href":"http:\/\/gazetevizyon.com\/index.php?rest_route=%2Fwp%2Fv2%2Ftags&post=4880"}],"curies":[{"name":"wp","href":"https:\/\/api.w.org\/{rel}","templated":true}]}}