{"id":5036,"date":"2019-07-17T07:44:55","date_gmt":"2019-07-17T07:44:55","guid":{"rendered":"http:\/\/gazetevizyon.com\/?p=5036"},"modified":"2019-07-17T07:44:57","modified_gmt":"2019-07-17T07:44:57","slug":"balikesirde-hirsizlik-olayina-karisan-3-kisi-tutuklandi","status":"publish","type":"post","link":"http:\/\/gazetevizyon.com\/?p=5036","title":{"rendered":"BALIKES\u0130R&#8217;DE HIRSIZLIK OLAYINA KARI\u015eAN 3 K\u0130\u015e\u0130 TUTUKLANDI"},"content":{"rendered":"\n<p><strong>Bal\u0131kesir&#8217;de h\u0131rs\u0131zl\u0131k olay\u0131na kar\u0131\u015fan 3 ki\u015fi tutukland\u0131.<\/strong><br>Bal\u0131kesir&#8217;in Erdek il\u00e7esinde bir evde ger\u00e7ekle\u015ftirilen h\u0131rs\u0131zl\u0131k olay\u0131nda g\u00f6zalt\u0131na al\u0131nan 3 ki\u015fi, tutuklanarak cezaevine g\u00f6nderildi.<br>Erdek Polis Merkezi Amirli\u011fine ba\u011fl\u0131 ekipler, kentte meydana mala kar\u015f\u0131 i\u015flenen su\u00e7lar\u0131n \u00f6nlenmesine y\u00f6nelik \u00e7al\u0131\u015fmalar\u0131n\u0131 s\u00fcrd\u00fcr\u00fcyor. 12 Temmuz 2019 g\u00fcn\u00fc bir apartmanda meydana gelen ikametten h\u0131rs\u0131zl\u0131k su\u00e7uyla ilgi \u015f\u00fcpheli 5 \u015fah\u0131s yakaland\u0131. Polis ekiplerince g\u00f6zalt\u0131na al\u0131nan \u015f\u00fcphelilerin ge\u00e7ici olarak kulland\u0131klar\u0131 evde yap\u0131lan aramalarda \u00e7ok say\u0131da par\u00e7alanm\u0131\u015f cep telefonu, kol saatleri, sustal\u0131 \u00e7ak\u0131, b\u0131\u00e7ak, bir adet kurus\u0131k\u0131 tabanca ele ge\u00e7irildi.<br>Polis ekiplerince yap\u0131lan sorgulamada g\u00f6zalt\u0131na al\u0131nan \u015f\u00fcphelilerin kentte ger\u00e7ekle\u015fen \u00e7ok say\u0131da h\u0131rs\u0131zl\u0131k olay\u0131na kar\u0131\u015ft\u0131\u011f\u0131 belirlendi.<br>15.07.2019 tarihinde mahkemeye \u00e7\u0131kar\u0131lan Y. Y. adl\u0131 \u015fah\u0131s tutukland\u0131. M. \u015e. adl\u0131 \u015fah\u0131s adl\u00ee kontrol \u015fart\u0131 ile serbest b\u0131rak\u0131l\u0131rken K. Y., Y. Y. ve T. Y. adl\u0131 \u015fah\u0131slar i\u00e7in savc\u0131l\u0131k\u00e7a ek g\u00f6zalt\u0131 verildi. 16.07.2019 g\u00fcn\u00fc adli mercilere sevk edilen 3 \u015f\u00fcpheliden Y. Y. ve K. Y. tutuklan\u0131rken, T. Y. adl\u0131 \u015fah\u0131s ise adl\u00ee kontrol \u015fart\u0131 ile serbest b\u0131rak\u0131lm\u0131\u015ft\u0131r.<br><\/p>\n\n\n\n<figure class=\"wp-block-image\"><a href=\"http:\/\/www.balikesir.gov.tr\/kurumlar\/balikesir.gov.tr\/DUYURULAR\/2019\/temmuz\/jandarma\/20.jpg\"><img decoding=\"async\" src=\"http:\/\/www.balikesir.gov.tr\/kurumlar\/balikesir.gov.tr\/DUYURULAR\/2019\/temmuz\/jandarma\/20.jpg\" alt=\"\"\/><\/a><\/figure>\n","protected":false},"excerpt":{"rendered":"<p>Bal\u0131kesir&#8217;de h\u0131rs\u0131zl\u0131k olay\u0131na kar\u0131\u015fan 3 ki\u015fi tutukland\u0131.Bal\u0131kesir&#8217;in Erdek il\u00e7esinde bir evde ger\u00e7ekle\u015ftirilen h\u0131rs\u0131zl\u0131k olay\u0131nda g\u00f6zalt\u0131na al\u0131nan 3 ki\u015fi, tutuklanarak cezaevine g\u00f6nderildi.Erdek Polis Merkezi Amirli\u011fine ba\u011fl\u0131 ekipler, kentte meydana mala kar\u015f\u0131 i\u015flenen su\u00e7lar\u0131n \u00f6nlenmesine y\u00f6nelik \u00e7al\u0131\u015fmalar\u0131n\u0131 s\u00fcrd\u00fcr\u00fcyor. 12 Temmuz 2019 g\u00fcn\u00fc&#8230;<\/p>\n","protected":false},"author":3,"featured_media":5037,"comment_status":"open","ping_status":"open","sticky":false,"template":"","format":"standard","meta":{"footnotes":""},"categories":[20,36],"tags":[],"class_list":["post-5036","post","type-post","status-publish","format-standard","has-post-thumbnail","hentry","category-guncel","category-manset"],"_links":{"self":[{"href":"http:\/\/gazetevizyon.com\/index.php?rest_route=\/wp\/v2\/posts\/5036","targetHints":{"allow":["GET"]}}],"collection":[{"href":"http:\/\/gazetevizyon.com\/index.php?rest_route=\/wp\/v2\/posts"}],"about":[{"href":"http:\/\/gazetevizyon.com\/index.php?rest_route=\/wp\/v2\/types\/post"}],"author":[{"embeddable":true,"href":"http:\/\/gazetevizyon.com\/index.php?rest_route=\/wp\/v2\/users\/3"}],"replies":[{"embeddable":true,"href":"http:\/\/gazetevizyon.com\/index.php?rest_route=%2Fwp%2Fv2%2Fcomments&post=5036"}],"version-history":[{"count":1,"href":"http:\/\/gazetevizyon.com\/index.php?rest_route=\/wp\/v2\/posts\/5036\/revisions"}],"predecessor-version":[{"id":5038,"href":"http:\/\/gazetevizyon.com\/index.php?rest_route=\/wp\/v2\/posts\/5036\/revisions\/5038"}],"wp:featuredmedia":[{"embeddable":true,"href":"http:\/\/gazetevizyon.com\/index.php?rest_route=\/wp\/v2\/media\/5037"}],"wp:attachment":[{"href":"http:\/\/gazetevizyon.com\/index.php?rest_route=%2Fwp%2Fv2%2Fmedia&parent=5036"}],"wp:term":[{"taxonomy":"category","embeddable":true,"href":"http:\/\/gazetevizyon.com\/index.php?rest_route=%2Fwp%2Fv2%2Fcategories&post=5036"},{"taxonomy":"post_tag","embeddable":true,"href":"http:\/\/gazetevizyon.com\/index.php?rest_route=%2Fwp%2Fv2%2Ftags&post=5036"}],"curies":[{"name":"wp","href":"https:\/\/api.w.org\/{rel}","templated":true}]}}