{"id":5563,"date":"2019-08-19T07:48:10","date_gmt":"2019-08-19T07:48:10","guid":{"rendered":"http:\/\/gazetevizyon.com\/?p=5563"},"modified":"2019-08-19T07:48:12","modified_gmt":"2019-08-19T07:48:12","slug":"perakende-satis-hacmi-yuzde-12-azaldi","status":"publish","type":"post","link":"http:\/\/gazetevizyon.com\/?p=5563","title":{"rendered":"PERAKENDE SATI\u015e HACM\u0130 Y\u00dcZDE 1,2 AZALDI"},"content":{"rendered":"\n<p><strong>Perakende sat\u0131\u015f hacmi bir \u00f6nceki y\u0131l\u0131n ayn\u0131 ay\u0131na g\u00f6re %1,2 azald\u0131<\/strong><\/p>\n\n\n\n<p>Takvim etkilerinden ar\u0131nd\u0131r\u0131lm\u0131\u015f sabit fiyatlarla perakende sat\u0131\u015f hacmi 2019 y\u0131l\u0131 Haziran ay\u0131nda bir \u00f6nceki y\u0131l\u0131n ayn\u0131 ay\u0131na g\u00f6re %1,2 azald\u0131. Ayn\u0131 ayda g\u0131da, i\u00e7ecek ve t\u00fct\u00fcn sat\u0131\u015flar\u0131 %0,7, g\u0131da d\u0131\u015f\u0131 sat\u0131\u015flar (otomotiv yak\u0131t\u0131 hari\u00e7) %1, otomotiv yak\u0131t\u0131 sat\u0131\u015flar\u0131 %2,3 azald\u0131.<\/p>\n\n\n\n<p>Takvim etkilerinden ar\u0131nd\u0131r\u0131lm\u0131\u015f perakende sat\u0131\u015f hacmi y\u0131ll\u0131k de\u011fi\u015fim oran\u0131, Haziran 2019<br>[2015=100]<br><\/p>\n\n\n\n<figure class=\"wp-block-image\"><img decoding=\"async\" src=\"http:\/\/www.tuik.gov.tr\/hb\/389\/kapak\/30791_img_1_389_19.08.2019-1955478453.jpg\" alt=\"\"\/><\/figure>\n\n\n\n<p>Perakende sat\u0131\u015f hacmi bir \u00f6nceki aya g\u00f6re %2,3 artt\u0131<\/p>\n\n\n\n<p>Mevsim ve takvim etkilerinden ar\u0131nd\u0131r\u0131lm\u0131\u015f sabit fiyatlarla perakende sat\u0131\u015f hacmi 2019 y\u0131l\u0131 Haziran ay\u0131nda bir \u00f6nceki aya g\u00f6re %2,3 artt\u0131. Ayn\u0131 ayda g\u0131da, i\u00e7ecek ve t\u00fct\u00fcn sat\u0131\u015flar\u0131 %0,3, g\u0131da d\u0131\u015f\u0131 sat\u0131\u015flar (otomotiv yak\u0131t\u0131 hari\u00e7) %3,2, otomotiv yak\u0131t\u0131 sat\u0131\u015flar\u0131 %3,2 artt\u0131.<\/p>\n\n\n\n<p><strong>Mevsim ve takvim etkilerinden ar\u0131nd\u0131r\u0131lm\u0131\u015f perakende sat\u0131\u015f hacmi ayl\u0131k de\u011fi\u015fim oran\u0131,<br>Haziran 2019<br>[2015=100]<\/strong><br><\/p>\n\n\n\n<figure class=\"wp-block-image\"><img decoding=\"async\" src=\"http:\/\/www.tuik.gov.tr\/hb\/389\/kapak\/30791_img_2_389_19.08.2019853537085.jpg\" alt=\"\"\/><\/figure>\n\n\n\n<p><strong>Perakende ciro bir \u00f6nceki y\u0131l\u0131n ayn\u0131 ay\u0131na g\u00f6re %14,6 artt\u0131<\/strong><\/p>\n\n\n\n<p>Takvim etkilerinden ar\u0131nd\u0131r\u0131lm\u0131\u015f cari fiyatlarla perakende ciro 2019 y\u0131l\u0131 Haziran ay\u0131nda bir \u00f6nceki y\u0131l\u0131n ayn\u0131 ay\u0131na g\u00f6re %14,6 artt\u0131. Ayn\u0131 ayda g\u0131da, i\u00e7ecek ve t\u00fct\u00fcn sat\u0131\u015flar\u0131 %17,6, g\u0131da d\u0131\u015f\u0131 sat\u0131\u015flar (otomotiv yak\u0131t\u0131 hari\u00e7) %16,5, otomotiv yak\u0131t\u0131 sat\u0131\u015flar\u0131 %5,7 artt\u0131.<\/p>\n\n\n\n<p><strong>Perakende ciro bir \u00f6nceki aya g\u00f6re %1,2 artt\u0131<\/strong><\/p>\n\n\n\n<p>Mevsim ve takvim etkilerinden ar\u0131nd\u0131r\u0131lm\u0131\u015f cari fiyatlarla perakende ciro 2019 y\u0131l\u0131 Haziran ay\u0131nda bir \u00f6nceki aya g\u00f6re %1,2 artt\u0131. Ayn\u0131 ayda g\u0131da d\u0131\u015f\u0131 sat\u0131\u015flar (otomotiv yak\u0131t\u0131 hari\u00e7) %2,2, otomotiv yak\u0131t\u0131 sat\u0131\u015flar\u0131 %0,6 artarken, g\u0131da, i\u00e7ecek ve t\u00fct\u00fcn sat\u0131\u015flar\u0131 ise ayn\u0131 seviyede kald\u0131.<\/p>\n\n\n\n<p><strong>Perakende sat\u0131\u015f endeksleri, Haziran 2019<br>[2015=100]<\/strong><br><\/p>\n\n\n\n<figure class=\"wp-block-image\"><img decoding=\"async\" src=\"http:\/\/www.tuik.gov.tr\/hb\/389\/kapak\/30791_img_3_389_19.08.2019-207429490.jpg\" alt=\"\"\/><\/figure>\n\n\n\n<figure class=\"wp-block-image\"><img decoding=\"async\" src=\"http:\/\/www.tuik.gov.tr\/hb\/389\/kapak\/30791_img_4_389_19.08.20192140174998.jpg\" alt=\"\"\/><\/figure>\n","protected":false},"excerpt":{"rendered":"<p>Perakende sat\u0131\u015f hacmi bir \u00f6nceki y\u0131l\u0131n ayn\u0131 ay\u0131na g\u00f6re %1,2 azald\u0131 Takvim etkilerinden ar\u0131nd\u0131r\u0131lm\u0131\u015f sabit fiyatlarla perakende sat\u0131\u015f hacmi 2019 y\u0131l\u0131 Haziran ay\u0131nda bir \u00f6nceki y\u0131l\u0131n ayn\u0131 ay\u0131na g\u00f6re %1,2 azald\u0131. Ayn\u0131 ayda g\u0131da, i\u00e7ecek ve t\u00fct\u00fcn sat\u0131\u015flar\u0131 %0,7, g\u0131da&#8230;<\/p>\n","protected":false},"author":3,"featured_media":5564,"comment_status":"open","ping_status":"open","sticky":false,"template":"","format":"standard","meta":{"footnotes":""},"categories":[24,20,36],"tags":[],"class_list":["post-5563","post","type-post","status-publish","format-standard","has-post-thumbnail","hentry","category-ekonomi","category-guncel","category-manset"],"_links":{"self":[{"href":"http:\/\/gazetevizyon.com\/index.php?rest_route=\/wp\/v2\/posts\/5563","targetHints":{"allow":["GET"]}}],"collection":[{"href":"http:\/\/gazetevizyon.com\/index.php?rest_route=\/wp\/v2\/posts"}],"about":[{"href":"http:\/\/gazetevizyon.com\/index.php?rest_route=\/wp\/v2\/types\/post"}],"author":[{"embeddable":true,"href":"http:\/\/gazetevizyon.com\/index.php?rest_route=\/wp\/v2\/users\/3"}],"replies":[{"embeddable":true,"href":"http:\/\/gazetevizyon.com\/index.php?rest_route=%2Fwp%2Fv2%2Fcomments&post=5563"}],"version-history":[{"count":1,"href":"http:\/\/gazetevizyon.com\/index.php?rest_route=\/wp\/v2\/posts\/5563\/revisions"}],"predecessor-version":[{"id":5565,"href":"http:\/\/gazetevizyon.com\/index.php?rest_route=\/wp\/v2\/posts\/5563\/revisions\/5565"}],"wp:featuredmedia":[{"embeddable":true,"href":"http:\/\/gazetevizyon.com\/index.php?rest_route=\/wp\/v2\/media\/5564"}],"wp:attachment":[{"href":"http:\/\/gazetevizyon.com\/index.php?rest_route=%2Fwp%2Fv2%2Fmedia&parent=5563"}],"wp:term":[{"taxonomy":"category","embeddable":true,"href":"http:\/\/gazetevizyon.com\/index.php?rest_route=%2Fwp%2Fv2%2Fcategories&post=5563"},{"taxonomy":"post_tag","embeddable":true,"href":"http:\/\/gazetevizyon.com\/index.php?rest_route=%2Fwp%2Fv2%2Ftags&post=5563"}],"curies":[{"name":"wp","href":"https:\/\/api.w.org\/{rel}","templated":true}]}}