{"id":5628,"date":"2019-08-22T08:20:40","date_gmt":"2019-08-22T08:20:40","guid":{"rendered":"http:\/\/gazetevizyon.com\/?p=5628"},"modified":"2019-08-22T08:20:42","modified_gmt":"2019-08-22T08:20:42","slug":"onemli-olan-belirledigimiz-hedeflere-kosar-adimla-gitmemizdir","status":"publish","type":"post","link":"http:\/\/gazetevizyon.com\/?p=5628","title":{"rendered":"\u00d6NEML\u0130 OLAN BEL\u0130RLED\u0130\u011e\u0130M\u0130Z HEDEFLERE KO\u015eAR ADIMLA G\u0130TMEM\u0130ZD\u0130R"},"content":{"rendered":"\n<p><strong>\u00d6NEML\u0130 OLAN BEL\u0130RLED\u0130\u011e\u0130M\u0130Z HEDEFLERE KO\u015eAR ADIMLA G\u0130TMEM\u0130ZD\u0130R<\/strong><br>Vali Ersin Yaz\u0131c\u0131, Edremit il\u00e7esindeki baz\u0131 sanayi kurulu\u015flar\u0131n\u0131 ziyaret ederek&nbsp;yetkililerden bilgi ald\u0131. Vali Ersin Yaz\u0131c\u0131, bir sim\u00fclasyon makine firmas\u0131 ve bir vantilat\u00f6r \u00fcretici firmas\u0131n\u0131 ziyaret ederek yetkililerden bilgi ald\u0131.<br>Edremit Kaymakam\u0131 Ali S\u0131rmal\u0131&#8217;n\u0131n da e\u015flik etti\u011fi ziyarette Vali Yaz\u0131c\u0131, hem i\u015f\u00e7ilerin hem de i\u015fverenlerin talep ve beklentilerini yerinde dinlemek ad\u0131na bir ziyaret ger\u00e7ekle\u015ftirdiklerini ifade etti. Vali Ersin Yaz\u0131c\u0131&#8217;n\u0131n ilk ziyareti sim\u00fclasyon makineler \u00fcreten bir firmaya oldu. Vali Yaz\u0131c\u0131 daha sonra ise ED-VAN Vantilat\u00f6r Fabrikas\u0131n\u0131 ziyaret etti.<br><strong>Y\u00dcKSEK TEKNOLOJ\u0130 \u00dcR\u00dcNLER\u0130 \u00dcRETMEL\u0130Y\u0130Z<\/strong><br>\u00dclke olarak sanayide ilerlememiz ad\u0131na potansiyelin var oldu\u011funu s\u00f6yleyen Vali Yaz\u0131c\u0131, &#8220;<strong>\u00dclkemizi kalk\u0131nd\u0131rmak, ilimizi daha da geli\u015fmi\u015f hale getirmek ve istihdama katk\u0131 sa\u011flamak y\u00fcksek teknoloji \u00fcr\u00fcnleri \u00fcretmekle m\u00fcmk\u00fcnd\u00fcr. T\u00fcrkiye&#8217;nin sanayile\u015fmesi, kalk\u0131nmas\u0131, b\u00fcy\u00fcmesi, her anlamda d\u00fcnyan\u0131n en \u00f6nde gelen \u00fclkelerinden biri olmas\u0131 yolunda \u00fcreticilerimizin katk\u0131lar\u0131na inan\u0131yoruz, onlara g\u00fcveniyoruz. Bal\u0131kesir her bak\u0131mdan, tar\u0131m\u0131yla, sanayisiyle \u00f6n planda olan bir \u015fehir. \u00dcretim olmadan kalk\u0131nman\u0131n devaml\u0131l\u0131\u011f\u0131n\u0131n olmas\u0131 m\u00fcmk\u00fcn de\u011fil. T\u00fcm \u00fcreticilerimize, ekonomimize katk\u0131 sa\u011flayan sanayicimize te\u015fekk\u00fcr ediyorum<\/strong>.&#8221;dedi.<br><strong>\u015eEHR\u0130N T\u00dcM D\u0130NAM\u0130KLER\u0130 AYNI HEDEFE ODAKLANMALI<\/strong><br>Sanayisiyle, ticaretiyle, sa\u011fl\u0131\u011f\u0131yla, e\u011fitimiyle, sporuyla ve di\u011fer t\u00fcm sekt\u00f6rleriyle birlikte Bal\u0131kesir&#8217;i daha ya\u015fan\u0131labilir hale getirmek i\u00e7in \u015fehrin t\u00fcm dinamiklerinin ayn\u0131 hedefe odaklanmas\u0131 gerekti\u011fini ifade eden Vali Yaz\u0131c\u0131, &#8220;<strong>Her alanda b\u00fcy\u00fck hedeflerimiz olmal\u0131. \u00d6nemli olan belirledi\u011fimiz hedeflere ko\u015far ad\u0131mla gitmemizdir.<\/strong>&#8221; dedi.<br><strong>KAPIMIZ HER ZAMAN A\u00c7IK<\/strong><br>Bal\u0131kesir&#8217;deki kamu kurum ve kurulu\u015flar\u0131, meslek odalar\u0131 ile sivil toplum kurulu\u015flar\u0131n\u0131n birlik ve beraberlik i\u00e7erisinde \u00e7al\u0131\u015fmas\u0131 gerekti\u011fine vurgu yapan Vali Yaz\u0131c\u0131, T\u00fcrkiye&#8217;nin her alanda ba\u015far\u0131l\u0131 olmas\u0131 i\u00e7in herkesin var g\u00fcc\u00fcyle \u00e7al\u0131\u015fmas\u0131n\u0131n \u00f6nemli oldu\u011funu vurgulad\u0131. Bal\u0131kesir&#8217;in ihracat\u0131n\u0131 y\u00fckselten \u00f6nemli sekt\u00f6rlerin oldu\u011funu belirten Vali Yaz\u0131c\u0131, bu sekt\u00f6rlerin \u015fehrin hem sanayisini hem de ticaretini artt\u0131rd\u0131\u011f\u0131n\u0131 kaydetti. Bal\u0131kesir&#8217;in daha \u00e7ok kalk\u0131nmas\u0131 i\u00e7in her t\u00fcrl\u00fc \u00e7abay\u0131 g\u00f6steren sanayici ve i\u015f adamlar\u0131na kap\u0131lar\u0131n\u0131n her zaman a\u00e7\u0131k oldu\u011funu s\u00f6yleyen Vali Yaz\u0131c\u0131, T\u00fcrkiye&#8217;nin ekonomik anlamdaki b\u00fcy\u00fcmesinin \u00fcretimle olaca\u011f\u0131na i\u015faret etti.<\/p>\n\n\n\n<figure class=\"wp-block-image\"><a href=\"http:\/\/www.balikesir.gov.tr\/kurumlar\/balikesir.gov.tr\/Haber\/2019\/Agustos\/edremitfabrika\/10.jpg\"><img decoding=\"async\" src=\"http:\/\/www.balikesir.gov.tr\/kurumlar\/balikesir.gov.tr\/Haber\/2019\/Agustos\/edremitfabrika\/10.jpg\" alt=\"\"\/><\/a><\/figure>\n\n\n\n<figure class=\"wp-block-image\"><a href=\"http:\/\/www.balikesir.gov.tr\/kurumlar\/balikesir.gov.tr\/Haber\/2019\/Agustos\/edremitfabrika\/11.jpg\"><img decoding=\"async\" src=\"http:\/\/www.balikesir.gov.tr\/kurumlar\/balikesir.gov.tr\/Haber\/2019\/Agustos\/edremitfabrika\/11.jpg\" alt=\"\"\/><\/a><\/figure>\n\n\n\n<figure class=\"wp-block-image\"><a href=\"http:\/\/www.balikesir.gov.tr\/kurumlar\/balikesir.gov.tr\/Haber\/2019\/Agustos\/edremitfabrika\/12.jpg\"><img decoding=\"async\" src=\"http:\/\/www.balikesir.gov.tr\/kurumlar\/balikesir.gov.tr\/Haber\/2019\/Agustos\/edremitfabrika\/12.jpg\" alt=\"\"\/><\/a><\/figure>\n\n\n\n<figure class=\"wp-block-image\"><a href=\"http:\/\/www.balikesir.gov.tr\/kurumlar\/balikesir.gov.tr\/Haber\/2019\/Agustos\/edremitfabrika\/13.jpg\"><img decoding=\"async\" src=\"http:\/\/www.balikesir.gov.tr\/kurumlar\/balikesir.gov.tr\/Haber\/2019\/Agustos\/edremitfabrika\/13.jpg\" alt=\"\"\/><\/a><\/figure>\n\n\n\n<figure class=\"wp-block-image\"><a href=\"http:\/\/www.balikesir.gov.tr\/kurumlar\/balikesir.gov.tr\/Haber\/2019\/Agustos\/edremitfabrika\/14.jpg\"><img decoding=\"async\" src=\"http:\/\/www.balikesir.gov.tr\/kurumlar\/balikesir.gov.tr\/Haber\/2019\/Agustos\/edremitfabrika\/14.jpg\" alt=\"\"\/><\/a><\/figure>\n\n\n\n<figure class=\"wp-block-image\"><a href=\"http:\/\/www.balikesir.gov.tr\/kurumlar\/balikesir.gov.tr\/Haber\/2019\/Agustos\/edremitfabrika\/15.jpg\"><img decoding=\"async\" src=\"http:\/\/www.balikesir.gov.tr\/kurumlar\/balikesir.gov.tr\/Haber\/2019\/Agustos\/edremitfabrika\/15.jpg\" alt=\"\"\/><\/a><\/figure>\n\n\n\n<figure class=\"wp-block-image\"><a href=\"http:\/\/www.balikesir.gov.tr\/kurumlar\/balikesir.gov.tr\/Haber\/2019\/Agustos\/edremitfabrika\/16.jpg\"><img decoding=\"async\" src=\"http:\/\/www.balikesir.gov.tr\/kurumlar\/balikesir.gov.tr\/Haber\/2019\/Agustos\/edremitfabrika\/16.jpg\" alt=\"\"\/><\/a><\/figure>\n\n\n\n<figure class=\"wp-block-image\"><a href=\"http:\/\/www.balikesir.gov.tr\/kurumlar\/balikesir.gov.tr\/Haber\/2019\/Agustos\/edremitfabrika\/17.jpg\"><img decoding=\"async\" src=\"http:\/\/www.balikesir.gov.tr\/kurumlar\/balikesir.gov.tr\/Haber\/2019\/Agustos\/edremitfabrika\/17.jpg\" alt=\"\"\/><\/a><\/figure>\n","protected":false},"excerpt":{"rendered":"<p>\u00d6NEML\u0130 OLAN BEL\u0130RLED\u0130\u011e\u0130M\u0130Z HEDEFLERE KO\u015eAR ADIMLA G\u0130TMEM\u0130ZD\u0130RVali Ersin Yaz\u0131c\u0131, Edremit il\u00e7esindeki baz\u0131 sanayi kurulu\u015flar\u0131n\u0131 ziyaret ederek&nbsp;yetkililerden bilgi ald\u0131. Vali Ersin Yaz\u0131c\u0131, bir sim\u00fclasyon makine firmas\u0131 ve bir vantilat\u00f6r \u00fcretici firmas\u0131n\u0131 ziyaret ederek yetkililerden bilgi ald\u0131.Edremit Kaymakam\u0131 Ali S\u0131rmal\u0131&#8217;n\u0131n da e\u015flik&#8230;<\/p>\n","protected":false},"author":3,"featured_media":5629,"comment_status":"open","ping_status":"open","sticky":false,"template":"","format":"standard","meta":{"footnotes":""},"categories":[20,36],"tags":[],"class_list":["post-5628","post","type-post","status-publish","format-standard","has-post-thumbnail","hentry","category-guncel","category-manset"],"_links":{"self":[{"href":"http:\/\/gazetevizyon.com\/index.php?rest_route=\/wp\/v2\/posts\/5628","targetHints":{"allow":["GET"]}}],"collection":[{"href":"http:\/\/gazetevizyon.com\/index.php?rest_route=\/wp\/v2\/posts"}],"about":[{"href":"http:\/\/gazetevizyon.com\/index.php?rest_route=\/wp\/v2\/types\/post"}],"author":[{"embeddable":true,"href":"http:\/\/gazetevizyon.com\/index.php?rest_route=\/wp\/v2\/users\/3"}],"replies":[{"embeddable":true,"href":"http:\/\/gazetevizyon.com\/index.php?rest_route=%2Fwp%2Fv2%2Fcomments&post=5628"}],"version-history":[{"count":1,"href":"http:\/\/gazetevizyon.com\/index.php?rest_route=\/wp\/v2\/posts\/5628\/revisions"}],"predecessor-version":[{"id":5630,"href":"http:\/\/gazetevizyon.com\/index.php?rest_route=\/wp\/v2\/posts\/5628\/revisions\/5630"}],"wp:featuredmedia":[{"embeddable":true,"href":"http:\/\/gazetevizyon.com\/index.php?rest_route=\/wp\/v2\/media\/5629"}],"wp:attachment":[{"href":"http:\/\/gazetevizyon.com\/index.php?rest_route=%2Fwp%2Fv2%2Fmedia&parent=5628"}],"wp:term":[{"taxonomy":"category","embeddable":true,"href":"http:\/\/gazetevizyon.com\/index.php?rest_route=%2Fwp%2Fv2%2Fcategories&post=5628"},{"taxonomy":"post_tag","embeddable":true,"href":"http:\/\/gazetevizyon.com\/index.php?rest_route=%2Fwp%2Fv2%2Ftags&post=5628"}],"curies":[{"name":"wp","href":"https:\/\/api.w.org\/{rel}","templated":true}]}}