{"id":5663,"date":"2019-08-24T12:56:32","date_gmt":"2019-08-24T12:56:32","guid":{"rendered":"http:\/\/gazetevizyon.com\/?p=5663"},"modified":"2019-08-24T12:56:34","modified_gmt":"2019-08-24T12:56:34","slug":"dufad-barana-1071-malazgirt-senliklerinde","status":"publish","type":"post","link":"http:\/\/gazetevizyon.com\/?p=5663","title":{"rendered":"&#8220;DUFAD BARANA&#8221; 1071 MALAZG\u0130RT \u015eENL\u0130KLER\u0130NDE"},"content":{"rendered":"\n<p>D\u00fcnya K\u00fclt\u00fcr Miras\u0131 listesinde yer alan \u0130l\u00e7emizin K\u00fclt\u00fcr el\u00e7ilesi ekibi&nbsp;&#8220;Dufad Barana&#8221;&nbsp;1071 Malazgirt (Ahlat)&nbsp;festivalinde Bal\u0131kesir&#8217;imizi temsil ediyor. Te\u015fekk\u00fcrler Ahbaplar..<\/p>\n\n\n\n<ul class=\"wp-block-gallery columns-2 is-cropped wp-block-gallery-1 is-layout-flex wp-block-gallery-is-layout-flex\"><li class=\"blocks-gallery-item\"><figure><img decoding=\"async\" src=\"http:\/\/balikesirgercek.com\/wp-content\/uploads\/2019\/08\/69843463_3510996448925938_3911301299127189504_n.jpg\" alt=\"\" data-id=\"6001\" data-link=\"http:\/\/balikesirgercek.com\/?attachment_id=6001\" class=\"wp-image-6001\"\/><\/figure><\/li><li class=\"blocks-gallery-item\"><figure><img decoding=\"async\" src=\"http:\/\/balikesirgercek.com\/wp-content\/uploads\/2019\/08\/68753670_3510996325592617_7258682738138415104_n.jpg\" alt=\"\" data-id=\"6002\" data-link=\"http:\/\/balikesirgercek.com\/?attachment_id=6002\" class=\"wp-image-6002\"\/><\/figure><\/li><li class=\"blocks-gallery-item\"><figure><img decoding=\"async\" src=\"http:\/\/balikesirgercek.com\/wp-content\/uploads\/2019\/08\/68757158_3510996165592633_5092355470883028992_n.jpg\" alt=\"\" data-id=\"6003\" data-link=\"http:\/\/balikesirgercek.com\/?attachment_id=6003\" class=\"wp-image-6003\"\/><\/figure><\/li><li class=\"blocks-gallery-item\"><figure><img decoding=\"async\" src=\"http:\/\/balikesirgercek.com\/wp-content\/uploads\/2019\/08\/68867686_3510996342259282_6182869017619857408_n.jpg\" alt=\"\" data-id=\"6004\" data-link=\"http:\/\/balikesirgercek.com\/?attachment_id=6004\" class=\"wp-image-6004\"\/><\/figure><\/li><li class=\"blocks-gallery-item\"><figure><img decoding=\"async\" src=\"http:\/\/balikesirgercek.com\/wp-content\/uploads\/2019\/08\/68942845_3510996168925966_2151263343774531584_n.jpg\" alt=\"\" data-id=\"6005\" data-link=\"http:\/\/balikesirgercek.com\/?attachment_id=6005\" class=\"wp-image-6005\"\/><\/figure><\/li><\/ul>\n","protected":false},"excerpt":{"rendered":"<p>D\u00fcnya K\u00fclt\u00fcr Miras\u0131 listesinde yer alan \u0130l\u00e7emizin K\u00fclt\u00fcr el\u00e7ilesi ekibi&nbsp;&#8220;Dufad Barana&#8221;&nbsp;1071 Malazgirt (Ahlat)&nbsp;festivalinde Bal\u0131kesir&#8217;imizi temsil ediyor. Te\u015fekk\u00fcrler Ahbaplar..<\/p>\n","protected":false},"author":3,"featured_media":5664,"comment_status":"open","ping_status":"open","sticky":false,"template":"","format":"standard","meta":{"footnotes":""},"categories":[20,30,36],"tags":[],"class_list":["post-5663","post","type-post","status-publish","format-standard","has-post-thumbnail","hentry","category-guncel","category-kultursanat","category-manset"],"_links":{"self":[{"href":"http:\/\/gazetevizyon.com\/index.php?rest_route=\/wp\/v2\/posts\/5663","targetHints":{"allow":["GET"]}}],"collection":[{"href":"http:\/\/gazetevizyon.com\/index.php?rest_route=\/wp\/v2\/posts"}],"about":[{"href":"http:\/\/gazetevizyon.com\/index.php?rest_route=\/wp\/v2\/types\/post"}],"author":[{"embeddable":true,"href":"http:\/\/gazetevizyon.com\/index.php?rest_route=\/wp\/v2\/users\/3"}],"replies":[{"embeddable":true,"href":"http:\/\/gazetevizyon.com\/index.php?rest_route=%2Fwp%2Fv2%2Fcomments&post=5663"}],"version-history":[{"count":1,"href":"http:\/\/gazetevizyon.com\/index.php?rest_route=\/wp\/v2\/posts\/5663\/revisions"}],"predecessor-version":[{"id":5665,"href":"http:\/\/gazetevizyon.com\/index.php?rest_route=\/wp\/v2\/posts\/5663\/revisions\/5665"}],"wp:featuredmedia":[{"embeddable":true,"href":"http:\/\/gazetevizyon.com\/index.php?rest_route=\/wp\/v2\/media\/5664"}],"wp:attachment":[{"href":"http:\/\/gazetevizyon.com\/index.php?rest_route=%2Fwp%2Fv2%2Fmedia&parent=5663"}],"wp:term":[{"taxonomy":"category","embeddable":true,"href":"http:\/\/gazetevizyon.com\/index.php?rest_route=%2Fwp%2Fv2%2Fcategories&post=5663"},{"taxonomy":"post_tag","embeddable":true,"href":"http:\/\/gazetevizyon.com\/index.php?rest_route=%2Fwp%2Fv2%2Ftags&post=5663"}],"curies":[{"name":"wp","href":"https:\/\/api.w.org\/{rel}","templated":true}]}}