{"id":5804,"date":"2019-09-03T07:46:41","date_gmt":"2019-09-03T07:46:41","guid":{"rendered":"http:\/\/gazetevizyon.com\/?p=5804"},"modified":"2019-09-03T07:46:43","modified_gmt":"2019-09-03T07:46:43","slug":"kareside-halk-sagligi-gunleri","status":"publish","type":"post","link":"http:\/\/gazetevizyon.com\/?p=5804","title":{"rendered":"KARES\u0130\u2019DE HALK SA\u011eLI\u011eI G\u00dcNLER\u0130"},"content":{"rendered":"\n<p><strong>&#8211; KARES\u0130\u2019DE HALK SA\u011eLI\u011eI G\u00dcNLER\u0130<\/strong><\/p>\n\n\n\n<p>Karesi Kent Konseyi, \u0130l Sa\u011fl\u0131k M\u00fcd\u00fcrl\u00fc\u011f\u00fc ve Karesi\nBelediyesi i\u015fbirli\u011fiyle Eyl\u00fcl ay\u0131 boyunca s\u00fcrecek olan Karesi Halk Sa\u011fl\u0131\u011f\u0131\nG\u00fcnleri, \u201cKad\u0131nlarda Kanserden Korunma ve Erken Te\u015fhisin \u00d6nemi&#8221; temal\u0131\ne\u011fitim ve kanser taramas\u0131 ile ba\u015flad\u0131. Etkinlikler sa\u011fl\u0131k taramalar\u0131, y\u00fcr\u00fcy\u00fc\u015f\nve bisiklet turu ile devam edecek.<\/p>\n\n\n\n<figure class=\"wp-block-image\"><img decoding=\"async\" src=\"http:\/\/balikesirgercek.com\/wp-content\/uploads\/2019\/09\/03.jpg\" alt=\"\" class=\"wp-image-6207\"\/><\/figure>\n\n\n\n<p>Halk Sa\u011fl\u0131\u011f\u0131 Haftas\u0131 kutlamalar\u0131 kapsam\u0131nda Karesi Kent\nKonseyi, \u0130l Sa\u011fl\u0131k M\u00fcd\u00fcrl\u00fc\u011f\u00fc ve Karesi Belediyesi i\u015fbirli\u011fiyle Eyl\u00fcl ay\u0131\nboyunca Karesi Halk Sa\u011fl\u0131\u011f\u0131 G\u00fcnleri d\u00fczenlenecek. Etkinlikler \u201cKad\u0131nlarda\nKanserden Korunma ve Erken Te\u015fhisin \u00d6nemi&#8221; temal\u0131 e\u011fitim ve kanser\ntaramas\u0131 ile ba\u015flad\u0131. \u0130lki Adnan Menderes Mahallesi 5 Nolu Aile Sa\u011fl\u0131\u011f\u0131\nMerkezi\u2019nde d\u00fczenlenen programa kat\u0131lan kad\u0131nlara e\u011fitim verilirken, \u015eehir\nHastanesi\u2019nde kanser taramas\u0131ndan ge\u00e7irildiler. <\/p>\n\n\n\n<figure class=\"wp-block-image\"><img decoding=\"async\" src=\"http:\/\/balikesirgercek.com\/wp-content\/uploads\/2019\/09\/01.jpg\" alt=\"\" class=\"wp-image-6208\"\/><\/figure>\n\n\n\n<p>E\u011fitimleri veren Nolu Aile Sa\u011fl\u0131\u011f\u0131 Merkezi\nhem\u015firelerinden Sezen Yavuz, 2003 y\u0131l\u0131ndan bu yana Kanser Erken Te\u015fhis, Tarama\nve E\u011fitim Merkezi (KETEM)\u2019de g\u00f6revli oldu\u011funu s\u00f6yleyen Yavuz, \u201cAktif bir\n\u015fekilde vatanda\u015flar\u0131m\u0131z i\u00e7in d\u00fczenlenen e\u011fitimlere gidiyoruz. Karesi Kent\nKonseyi, \u0130l Sa\u011fl\u0131k M\u00fcd\u00fcrl\u00fc\u011f\u00fc ve Karesi Belediyesi i\u015fbirli\u011fiyle beraber Halk\nSa\u011fl\u0131\u011f\u0131 G\u00fcnleri\u2019nde yine bir e\u011fitim \u00e7al\u0131\u015fmas\u0131 yap\u0131yoruz. E\u011fitimimiz g\u00fczeldi.\nKat\u0131lan bayanlar\u0131m\u0131z bilin\u00e7liydi. Daha geni\u015f kat\u0131l\u0131ml\u0131 yapmay\u0131 d\u00fc\u015f\u00fcn\u00fcyoruz.\nSal\u0131 ve Cuma g\u00fcn\u00fcde e\u011fitimlerimiz devam edecek\u201d dedi.<\/p>\n\n\n\n<figure class=\"wp-block-image\"><img decoding=\"async\" src=\"http:\/\/balikesirgercek.com\/wp-content\/uploads\/2019\/09\/02.jpg\" alt=\"\" class=\"wp-image-6209\"\/><\/figure>\n\n\n\n<p>Karesi Halk Sa\u011fl\u0131\u011f\u0131 G\u00fcnleri etkinlikleri kapsam\u0131nda \u201cKad\u0131nlarda\nKanserden Korunma ve Erken Te\u015fhisin \u00d6nemi&#8221; temal\u0131 e\u011fitim ve kanser\ntaramas\u0131 3 Eyl\u00fcl Sal\u0131 G\u00fcn\u00fc Kuva-yi Milliye Mahallesi\u2019ndeki \u0130stanbulluo\u011flu\nSosyal Bilimler Lisesi, 6 Eyl\u00fcl Cuma g\u00fcn\u00fc ise Ege Mahallesi\u2019ndeki Karesi\nToplant\u0131 ve Nikah Salonu\u2019nda saat 10.00\u2019dan itibaren ba\u015flayacak.<\/p>\n\n\n\n<p><strong>SA\u011eLIK TARAMALARI VE FARKINDALIK ETK\u0130NL\u0130KLER\u0130<\/strong><\/p>\n\n\n\n<p>Karesi Halk Sa\u011fl\u0131\u011f\u0131 G\u00fcnleri kapsam\u0131nda 4-5 Eyl\u00fcl\ntarihlerinde ise Hasanbaba \u00c7ar\u015f\u0131s\u0131 yan\u0131ndaki Prof. Dr. Necmettin Erbakan\nMeydan\u0131\u2019nda saat 11.00-19.00 aras\u0131 kurulacak olan stantlarda Sa\u011fl\u0131k Taramas\u0131 ve\nFark\u0131ndal\u0131k Etkinlikleri d\u00fczenlenecek. Etkinliklerde vatanda\u015flara \u00fccretsiz\nolarak \u015feker, tansiyon, v\u00fccut kitle endeksi \u00f6l\u00e7\u00fcmleri ile obezite taramas\u0131\nger\u00e7ekle\u015ftirilecek. Yine kurulacak olan stantlarda vatanda\u015flara sa\u011fl\u0131kl\u0131\nbeslenme ve obezite, kanserden korunma ve erken te\u015fhis y\u00f6ntemleri, anne-\u00e7ocuk\nve ergen sa\u011fl\u0131\u011f\u0131, ba\u011f\u0131ml\u0131l\u0131kla m\u00fccadele, a\u011f\u0131z ve di\u015f sa\u011fl\u0131\u011f\u0131, spor ve sa\u011fl\u0131kl\u0131\nya\u015fam, bula\u015f\u0131c\u0131 olmayan hastal\u0131klar, organ ba\u011f\u0131\u015f\u0131 ve engelliler konusunda\nbilgilendirmelerde bulunulacak.<\/p>\n\n\n\n<figure class=\"wp-block-image\"><img decoding=\"async\" src=\"http:\/\/balikesirgercek.com\/wp-content\/uploads\/2019\/09\/05-1024x683.jpg\" alt=\"\" class=\"wp-image-6210\"\/><\/figure>\n\n\n\n<p>Karesi Halk Sa\u011fl\u0131\u011f\u0131 G\u00fcnleri, 15 Eyl\u00fcl Pazar g\u00fcn\u00fc saat\n09.00\u2019da Karesi Park\u2019tan ba\u015flayarak De\u011firmenbo\u011faz\u0131\u2019nda sona erecek olan\nbisiklet turu, De\u011firmen Bo\u011faz\u0131 ve mesire alan\u0131 aras\u0131nda yap\u0131lacak Sa\u011fl\u0131k\nY\u00fcr\u00fcy\u00fc\u015f\u00fc ve y\u00fcr\u00fcy\u00fc\u015f sonunda saat 11.00\u2019da verilecek kahvalt\u0131 ile sona erecek. <\/p>\n\n\n\n<ul class=\"wp-block-gallery columns-1 is-cropped wp-block-gallery-1 is-layout-flex wp-block-gallery-is-layout-flex\"><li class=\"blocks-gallery-item\"><figure><img decoding=\"async\" src=\"http:\/\/balikesirgercek.com\/wp-content\/uploads\/2019\/09\/06-1024x1024.jpg\" alt=\"\" data-id=\"6211\" data-link=\"http:\/\/balikesirgercek.com\/?attachment_id=6211\" class=\"wp-image-6211\"\/><\/figure><\/li><li class=\"blocks-gallery-item\"><figure><img decoding=\"async\" src=\"http:\/\/balikesirgercek.com\/wp-content\/uploads\/2019\/09\/07-1024x765.jpg\" alt=\"\" data-id=\"6212\" data-link=\"http:\/\/balikesirgercek.com\/?attachment_id=6212\" class=\"wp-image-6212\"\/><\/figure><\/li><li class=\"blocks-gallery-item\"><figure><img decoding=\"async\" src=\"http:\/\/balikesirgercek.com\/wp-content\/uploads\/2019\/09\/04-724x1024.jpg\" alt=\"\" data-id=\"6213\" data-link=\"http:\/\/balikesirgercek.com\/?attachment_id=6213\" class=\"wp-image-6213\"\/><\/figure><\/li><\/ul>\n","protected":false},"excerpt":{"rendered":"<p>&#8211; KARES\u0130\u2019DE HALK SA\u011eLI\u011eI G\u00dcNLER\u0130 Karesi Kent Konseyi, \u0130l Sa\u011fl\u0131k M\u00fcd\u00fcrl\u00fc\u011f\u00fc ve Karesi Belediyesi i\u015fbirli\u011fiyle Eyl\u00fcl ay\u0131 boyunca s\u00fcrecek olan Karesi Halk Sa\u011fl\u0131\u011f\u0131 G\u00fcnleri, \u201cKad\u0131nlarda Kanserden Korunma ve Erken Te\u015fhisin \u00d6nemi&#8221; temal\u0131 e\u011fitim ve kanser taramas\u0131 ile ba\u015flad\u0131. Etkinlikler sa\u011fl\u0131k&#8230;<\/p>\n","protected":false},"author":3,"featured_media":5805,"comment_status":"open","ping_status":"open","sticky":false,"template":"","format":"standard","meta":{"footnotes":""},"categories":[20,36,28],"tags":[],"class_list":["post-5804","post","type-post","status-publish","format-standard","has-post-thumbnail","hentry","category-guncel","category-manset","category-saglik"],"_links":{"self":[{"href":"http:\/\/gazetevizyon.com\/index.php?rest_route=\/wp\/v2\/posts\/5804","targetHints":{"allow":["GET"]}}],"collection":[{"href":"http:\/\/gazetevizyon.com\/index.php?rest_route=\/wp\/v2\/posts"}],"about":[{"href":"http:\/\/gazetevizyon.com\/index.php?rest_route=\/wp\/v2\/types\/post"}],"author":[{"embeddable":true,"href":"http:\/\/gazetevizyon.com\/index.php?rest_route=\/wp\/v2\/users\/3"}],"replies":[{"embeddable":true,"href":"http:\/\/gazetevizyon.com\/index.php?rest_route=%2Fwp%2Fv2%2Fcomments&post=5804"}],"version-history":[{"count":1,"href":"http:\/\/gazetevizyon.com\/index.php?rest_route=\/wp\/v2\/posts\/5804\/revisions"}],"predecessor-version":[{"id":5806,"href":"http:\/\/gazetevizyon.com\/index.php?rest_route=\/wp\/v2\/posts\/5804\/revisions\/5806"}],"wp:featuredmedia":[{"embeddable":true,"href":"http:\/\/gazetevizyon.com\/index.php?rest_route=\/wp\/v2\/media\/5805"}],"wp:attachment":[{"href":"http:\/\/gazetevizyon.com\/index.php?rest_route=%2Fwp%2Fv2%2Fmedia&parent=5804"}],"wp:term":[{"taxonomy":"category","embeddable":true,"href":"http:\/\/gazetevizyon.com\/index.php?rest_route=%2Fwp%2Fv2%2Fcategories&post=5804"},{"taxonomy":"post_tag","embeddable":true,"href":"http:\/\/gazetevizyon.com\/index.php?rest_route=%2Fwp%2Fv2%2Ftags&post=5804"}],"curies":[{"name":"wp","href":"https:\/\/api.w.org\/{rel}","templated":true}]}}