{"id":5874,"date":"2019-09-06T13:06:31","date_gmt":"2019-09-06T13:06:31","guid":{"rendered":"http:\/\/gazetevizyon.com\/?p=5874"},"modified":"2019-09-06T13:06:33","modified_gmt":"2019-09-06T13:06:33","slug":"karesi-kuva-yi-milliye-satranc-turnuvasi-basliyor","status":"publish","type":"post","link":"http:\/\/gazetevizyon.com\/?p=5874","title":{"rendered":"KARES\u0130 KUVA-Y\u0130 M\u0130LL\u0130YE SATRAN\u00c7 TURNUVASI BA\u015eLIYOR"},"content":{"rendered":"\n<p><strong>KARES\u0130 KUVA-Y\u0130 M\u0130LL\u0130YE SATRAN\u00c7 TURNUVASI BA\u015eLIYOR<\/strong><\/p>\n\n\n\n<p><strong>Karesi Belediyesi ve T\u00fcrkiye Satran\u00e7 Federasyonu i\u015fbirli\u011finde d\u00fczenlenecek olan 1. Kuva-yi Milliye Satran\u00e7 Turnuvas\u0131, 7-8 Eyl\u00fcl tarihlerinde ger\u00e7ekle\u015ftirilecek.<\/strong>&nbsp;<\/p>\n\n\n\n<p>Karesi\nBelediyesi yeni bir organizasyona daha imza at\u0131yor. Karesi Belediyesi ve\nT\u00fcrkiye Satran\u00e7 Federasyonu i\u015fbirli\u011finde d\u00fczenlenecek olan 1. Kuva-yi Milliye\nSatran\u00e7 Turnuvas\u0131, 7-8 Eyl\u00fcl Cumartesi ve Pazar G\u00fcnleri yap\u0131lacak. Alparslan\nT\u00fcrke\u015f Spor Kompleksi\u2019nde d\u00fczenlenecek olan turnuva 5 kategoride d\u00fczenlenecek.\nT\u00fcrkiye Satran\u00e7 Federasyonu (TSF) lisans\u0131na sahip, 2018-2019 vizesi yap\u0131lm\u0131\u015f,\n2012 \u00f6ncesinde do\u011fan sporcular\u0131n kat\u0131laca\u011f\u0131 turnuva \u0130svi\u00e7re Sistemine g\u00f6re 6\ntur olarak d\u00fczenlenecek.<\/p>\n\n\n\n<p>Turnuvada kategorilerinde dereceye girenlere kupa ve madalya\nverilirken, 12 ya\u015f \u00fcst\u00fc kategorilerde 1. olanlara ayr\u0131ca bin lira, 2. olanlara\n750 lira ve 3. olanlara 500 lira para \u00f6d\u00fcl\u00fc verilecek. Turnuva 7 Eyl\u00fcl\nCumartesi g\u00fcn\u00fc kay\u0131t ve kontrol i\u015flemlerinin yap\u0131lmas\u0131 ard\u0131ndan saat 11.00\u2019da\nba\u015flayacak.<\/p>\n","protected":false},"excerpt":{"rendered":"<p>KARES\u0130 KUVA-Y\u0130 M\u0130LL\u0130YE SATRAN\u00c7 TURNUVASI BA\u015eLIYOR Karesi Belediyesi ve T\u00fcrkiye Satran\u00e7 Federasyonu i\u015fbirli\u011finde d\u00fczenlenecek olan 1. Kuva-yi Milliye Satran\u00e7 Turnuvas\u0131, 7-8 Eyl\u00fcl tarihlerinde ger\u00e7ekle\u015ftirilecek.&nbsp; Karesi Belediyesi yeni bir organizasyona daha imza at\u0131yor. Karesi Belediyesi ve T\u00fcrkiye Satran\u00e7 Federasyonu i\u015fbirli\u011finde d\u00fczenlenecek&#8230;<\/p>\n","protected":false},"author":3,"featured_media":5875,"comment_status":"open","ping_status":"open","sticky":false,"template":"","format":"standard","meta":{"footnotes":""},"categories":[20,36],"tags":[],"class_list":["post-5874","post","type-post","status-publish","format-standard","has-post-thumbnail","hentry","category-guncel","category-manset"],"_links":{"self":[{"href":"http:\/\/gazetevizyon.com\/index.php?rest_route=\/wp\/v2\/posts\/5874","targetHints":{"allow":["GET"]}}],"collection":[{"href":"http:\/\/gazetevizyon.com\/index.php?rest_route=\/wp\/v2\/posts"}],"about":[{"href":"http:\/\/gazetevizyon.com\/index.php?rest_route=\/wp\/v2\/types\/post"}],"author":[{"embeddable":true,"href":"http:\/\/gazetevizyon.com\/index.php?rest_route=\/wp\/v2\/users\/3"}],"replies":[{"embeddable":true,"href":"http:\/\/gazetevizyon.com\/index.php?rest_route=%2Fwp%2Fv2%2Fcomments&post=5874"}],"version-history":[{"count":1,"href":"http:\/\/gazetevizyon.com\/index.php?rest_route=\/wp\/v2\/posts\/5874\/revisions"}],"predecessor-version":[{"id":5876,"href":"http:\/\/gazetevizyon.com\/index.php?rest_route=\/wp\/v2\/posts\/5874\/revisions\/5876"}],"wp:featuredmedia":[{"embeddable":true,"href":"http:\/\/gazetevizyon.com\/index.php?rest_route=\/wp\/v2\/media\/5875"}],"wp:attachment":[{"href":"http:\/\/gazetevizyon.com\/index.php?rest_route=%2Fwp%2Fv2%2Fmedia&parent=5874"}],"wp:term":[{"taxonomy":"category","embeddable":true,"href":"http:\/\/gazetevizyon.com\/index.php?rest_route=%2Fwp%2Fv2%2Fcategories&post=5874"},{"taxonomy":"post_tag","embeddable":true,"href":"http:\/\/gazetevizyon.com\/index.php?rest_route=%2Fwp%2Fv2%2Ftags&post=5874"}],"curies":[{"name":"wp","href":"https:\/\/api.w.org\/{rel}","templated":true}]}}