{"id":6076,"date":"2019-09-16T08:14:22","date_gmt":"2019-09-16T08:14:22","guid":{"rendered":"http:\/\/gazetevizyon.com\/?p=6076"},"modified":"2019-09-16T10:37:53","modified_gmt":"2019-09-16T10:37:53","slug":"elini-kapini-ve-sofrani-acik-tut","status":"publish","type":"post","link":"http:\/\/gazetevizyon.com\/?p=6076","title":{"rendered":"EL\u0130N\u0130, KAPINI VE SOFRANI A\u00c7IK TUT"},"content":{"rendered":"\n<p><strong>Elini, Kap\u0131n\u0131 ve Sofran\u0131 A\u00e7\u0131k Tut<\/strong><br>Vali Ersin Yaz\u0131c\u0131, Ahilik Haftas\u0131 nedeniyle bir kutlama mesaj\u0131 yay\u0131mlad\u0131. Vali Yaz\u0131c\u0131 mesaj\u0131nda, Ahili\u011fin sevgi, karde\u015flik ve dayan\u0131\u015fma kurallar\u0131n\u0131 benimseyen milletimize has bir k\u00fclt\u00fcr oldu\u011funu ifade etti.<br>Ahilik k\u00fclt\u00fcr\u00fcn\u00fcn insan\u0131 insan yapan de\u011ferlerden bir tanesi oldu\u011funu belirten Vali Yaz\u0131c\u0131, &#8220;<strong>Ahilik k\u00fclt\u00fcr\u00fc ve felsefesi, toplumsal ya\u015fam\u0131n ortak paydas\u0131 olan insan\u0131 esas alm\u0131\u015ft\u0131r. Bu k\u00fclt\u00fcr o kadar \u00f6nemlidir ki, d\u00fcr\u00fcstl\u00fc\u011f\u00fc, \u00e7al\u0131\u015fkanl\u0131\u011f\u0131, karde\u015fli\u011fi bilimsel ara\u015ft\u0131rmalarla ortaya konulmu\u015ftur.<\/strong>&#8221; dedi.<br>Ahilik te\u015fkilat\u0131n\u0131n, g\u00fcn\u00fcm\u00fcz\u00fcn esnaf birlikleri ve meslek odalar\u0131n\u0131n da temelini olu\u015fturdu\u011funu kaydeden Vali Yaz\u0131c\u0131, &#8220;<strong>Ahilik Te\u015fkilat\u0131 millet olmam\u0131z\u0131, devlet olmam\u0131z\u0131 temin ve tesis eden \u00f6nemli de\u011ferlerimizdendir. Ahili\u011fin kurucusu Ahi Evran Veli&#8217;nin ticaret ahlak\u0131na, dayan\u0131\u015fmaya ve payla\u015fmaya dayanan ilkeleri, g\u00fcn\u00fcm\u00fczde de esnaf ve sanatk\u00e2rlar\u0131m\u0131za yol g\u00f6stermektedir. Esnaf ve sanatk\u00e2rlar\u0131m\u0131z;&nbsp; &#8216;elini, kap\u0131n\u0131 ve sofran\u0131 a\u00e7\u0131k tut&#8217;&nbsp;\u00f6\u011fretisini ya\u015fam felsefesi kabul etmi\u015f, muhta\u00e7 ve ihtiya\u00e7 sahibi olanlar\u0131n her zaman yan\u0131nda yer alm\u0131\u015ft\u0131r. Y\u0131llard\u0131r karde\u015flik ve ho\u015fg\u00f6r\u00fcn\u00fcn merkezi olan ilimizde de mevcut meslek kurulu\u015flar\u0131na ba\u011fl\u0131 esnaf ve sanatk\u00e2rlar\u0131m\u0131z, geleneksel el sanatlar\u0131 ustalar\u0131ndan en modern \u015fekilde \u00fcretim yapan sanayicisine kadar Ahilik ilkelerini ya\u015fatma gayreti i\u00e7erisindedirler. Bunun yan\u0131nda yapt\u0131klar\u0131 sosyal \u00e7al\u0131\u015fmalar ilimizin huzuru i\u00e7in g\u00f6sterdikleri gayret ile t\u00fcm halk\u0131m\u0131za hizmetlerini s\u00fcrd\u00fcrmektedirler.&nbsp;16-22 Eyl\u00fcl tarihleri aras\u0131nda kutlamakta oldu\u011fumuz 32. Ahilik haftas\u0131 m\u00fcnasebetiyle, Ahi Evran-\u0131 Veli&#8217;yi rahmet ve minnetle y\u00e2d ederken esnaf ve sanatk\u00e2rlar\u0131m\u0131z ba\u015fta olmak \u00fczere b\u00fct\u00fcn vatanda\u015flar\u0131m\u0131z\u0131n Ahilik Haftas\u0131&#8217;n\u0131 kutluyorum.<\/strong>&#8221; \u015feklinde mesaj\u0131n\u0131 tamamlad\u0131.<\/p>\n\n\n\n<figure class=\"wp-block-image\"><a href=\"http:\/\/www.balikesir.gov.tr\/kurumlar\/balikesir.gov.tr\/DUYURULAR\/2019\/Eylul\/jandarma\/30.jpg\"><img decoding=\"async\" src=\"http:\/\/www.balikesir.gov.tr\/kurumlar\/balikesir.gov.tr\/DUYURULAR\/2019\/Eylul\/jandarma\/30.jpg\" alt=\"\"\/><\/a><\/figure>\n\n\n\n<p>\n\n&lt;a href=&#8221;http:\/\/www.sanalbasin.com\/?ref=32198&#8243; id=&#8221;hash-5249304604518b9a1bafdad72c9d59c77435835f&#8221; title=&#8221;Bu site sanalbasin.com \u00fcyesidir&#8221; target=&#8221;_blank&#8221;&gt;&lt;img src=&#8221;http:\/\/www.sanalbasin.com\/dcms-themes\/sanalbasin\/img\/sanalbasin_uyesidir.png&#8221; alt=&#8221;sanalbasin.com \u00fcyesidir&#8221; \/&gt;&lt;\/a&gt;\n\n<\/p>\n","protected":false},"excerpt":{"rendered":"<p>Elini, Kap\u0131n\u0131 ve Sofran\u0131 A\u00e7\u0131k TutVali Ersin Yaz\u0131c\u0131, Ahilik Haftas\u0131 nedeniyle bir kutlama mesaj\u0131 yay\u0131mlad\u0131. Vali Yaz\u0131c\u0131 mesaj\u0131nda, Ahili\u011fin sevgi, karde\u015flik ve dayan\u0131\u015fma kurallar\u0131n\u0131 benimseyen milletimize has bir k\u00fclt\u00fcr oldu\u011funu ifade etti.Ahilik k\u00fclt\u00fcr\u00fcn\u00fcn insan\u0131 insan yapan de\u011ferlerden bir tanesi oldu\u011funu&#8230;<\/p>\n","protected":false},"author":3,"featured_media":6077,"comment_status":"open","ping_status":"open","sticky":false,"template":"","format":"standard","meta":{"footnotes":""},"categories":[20,36],"tags":[],"class_list":["post-6076","post","type-post","status-publish","format-standard","has-post-thumbnail","hentry","category-guncel","category-manset"],"_links":{"self":[{"href":"http:\/\/gazetevizyon.com\/index.php?rest_route=\/wp\/v2\/posts\/6076","targetHints":{"allow":["GET"]}}],"collection":[{"href":"http:\/\/gazetevizyon.com\/index.php?rest_route=\/wp\/v2\/posts"}],"about":[{"href":"http:\/\/gazetevizyon.com\/index.php?rest_route=\/wp\/v2\/types\/post"}],"author":[{"embeddable":true,"href":"http:\/\/gazetevizyon.com\/index.php?rest_route=\/wp\/v2\/users\/3"}],"replies":[{"embeddable":true,"href":"http:\/\/gazetevizyon.com\/index.php?rest_route=%2Fwp%2Fv2%2Fcomments&post=6076"}],"version-history":[{"count":2,"href":"http:\/\/gazetevizyon.com\/index.php?rest_route=\/wp\/v2\/posts\/6076\/revisions"}],"predecessor-version":[{"id":6079,"href":"http:\/\/gazetevizyon.com\/index.php?rest_route=\/wp\/v2\/posts\/6076\/revisions\/6079"}],"wp:featuredmedia":[{"embeddable":true,"href":"http:\/\/gazetevizyon.com\/index.php?rest_route=\/wp\/v2\/media\/6077"}],"wp:attachment":[{"href":"http:\/\/gazetevizyon.com\/index.php?rest_route=%2Fwp%2Fv2%2Fmedia&parent=6076"}],"wp:term":[{"taxonomy":"category","embeddable":true,"href":"http:\/\/gazetevizyon.com\/index.php?rest_route=%2Fwp%2Fv2%2Fcategories&post=6076"},{"taxonomy":"post_tag","embeddable":true,"href":"http:\/\/gazetevizyon.com\/index.php?rest_route=%2Fwp%2Fv2%2Ftags&post=6076"}],"curies":[{"name":"wp","href":"https:\/\/api.w.org\/{rel}","templated":true}]}}