{"id":6192,"date":"2019-09-21T07:18:24","date_gmt":"2019-09-21T07:18:24","guid":{"rendered":"http:\/\/gazetevizyon.com\/?p=6192"},"modified":"2019-09-21T07:18:26","modified_gmt":"2019-09-21T07:18:26","slug":"balikesir-standi-fuarin-en-dikkat-cekenleri-arasinda","status":"publish","type":"post","link":"http:\/\/gazetevizyon.com\/?p=6192","title":{"rendered":"BALIKES\u0130R STANDI FUARIN EN D\u0130KKAT \u00c7EKENLER\u0130 ARASINDA"},"content":{"rendered":"\n<p><strong>BALIKES\u0130R STANDI FUARIN EN D\u0130KKAT \u00c7EKENLER\u0130 ARASINDA<\/strong><\/p>\n\n\n\n<p><strong>\u201cII. Uluslararas\u0131 Co\u011frafi \u0130\u015faretli \u00dcr\u00fcnler Zirvesi<\/strong>\u201dnde, co\u011frafi\ni\u015faretli \u00fcr\u00fcnlerinin tan\u0131t\u0131m\u0131na devam eden Bal\u0131kesir B\u00fcy\u00fck\u015fehir Belediyesi\nstand\u0131, fuar\u0131n en dikkat \u00e7ekici stantlar\u0131ndan olmay\u0131 s\u00fcrd\u00fcr\u00fcyor. Bal\u0131kesir\u2019in\ny\u00f6resel k\u0131yafetlerini tan\u0131tan gen\u00e7ler, vatanda\u015flar\u0131n ilgi oda\u011f\u0131 oldu.<\/p>\n\n\n\n<figure class=\"wp-block-image\"><img decoding=\"async\" src=\"http:\/\/balikesirgercek.com\/wp-content\/uploads\/2019\/09\/bbb-5-8c477cf2-be18-4ce4-a62a-af1cd096b82b-1024x678.jpg\" alt=\"\" class=\"wp-image-6761\"\/><\/figure>\n\n\n\n<p>Cumhurba\u015fkanl\u0131\u011f\u0131\nhimayelerinde Ankara Ticaret Odas\u0131 (ATO) Congresium\u2019da ger\u00e7ekle\u015ftirilen \u201cII.\nUluslararas\u0131 Co\u011frafi \u0130\u015faretli \u00dcr\u00fcnler Zirvesi\u201d ikinci g\u00fcn\u00fcnde de misafirlerini\na\u011f\u0131rl\u0131yor. Bal\u0131kesir\u2019in co\u011frafi i\u015faretli 12 \u00fcr\u00fcn\u00fcn\u00fcn tan\u0131t\u0131ld\u0131\u011f\u0131 Bal\u0131kesir\nB\u00fcy\u00fck\u015fehir Belediyesi stand\u0131nda; Kuzey Ege Zeytinya\u011f\u0131, Ayval\u0131k Zeytinya\u011f\u0131,\nEdremit Zeytinya\u011f\u0131, Edremit K\u00f6rfezi Ye\u015fil \u00c7izik Zeytini, H\u00f6\u015fmerim Tatl\u0131s\u0131,\nBal\u0131kesir Kuzusu, Kap\u0131da\u011f Mor So\u011fan\u0131, Susurluk Tostu, Susurluk Ayran\u0131, G\u00f6nen\n\u0130\u011fne Oyas\u0131, S\u0131nd\u0131rg\u0131 Ya\u011fc\u0131bedir Hal\u0131s\u0131 ve Marmara Adas\u0131 Mermeri\u2019nin tan\u0131t\u0131m\u0131\nyap\u0131l\u0131yor.<\/p>\n\n\n\n<figure class=\"wp-block-image\"><img decoding=\"async\" src=\"http:\/\/balikesirgercek.com\/wp-content\/uploads\/2019\/09\/bbb-15-de733fbd-f8da-4d8a-9ebc-c1aacfbf5961-1024x678.jpg\" alt=\"\" class=\"wp-image-6762\"\/><\/figure>\n\n\n\n<p><strong>ZEYBEK VE GEL\u0130N\n\u0130LE FOTO\u011eRAF \u0130\u00c7\u0130N SIRAYA G\u0130RD\u0130LER<\/strong><\/p>\n\n\n\n<p>Stantta\ntan\u0131t\u0131lan \u00fcr\u00fcnlerin yan\u0131 s\u0131ra; zeybek ve gelin kost\u00fcmlerini tan\u0131tan gen\u00e7ler,\nvatanda\u015flar\u0131n b\u00fcy\u00fck ilgisiyle kar\u015f\u0131la\u015ft\u0131. Zeybek ve gelin ile foto\u011fraf\n\u00e7ektirmek i\u00e7in s\u0131raya giren vatanda\u015flar, kost\u00fcmleri olduk\u00e7a be\u011fendiklerini dile\ngetirdi.<\/p>\n\n\n\n<figure class=\"wp-block-image\"><img decoding=\"async\" src=\"http:\/\/balikesirgercek.com\/wp-content\/uploads\/2019\/09\/bbb-7-437a06f1-1054-4a55-aa0b-744d7f47ea6d-1024x678.jpg\" alt=\"\" class=\"wp-image-6763\"\/><\/figure>\n\n\n\n<p>Fuar\u0131n en\nhareketli ve en renkli stantlar\u0131ndan bir olan Bal\u0131kesir stand\u0131n\u0131; AK Parti\nGenel Ba\u015fkan Yard\u0131mc\u0131s\u0131 ve ayn\u0131 zamanda Tan\u0131t\u0131m ve Medya Ba\u015fkan\u0131 Mahir \u00dcnal, AK\nParti Bal\u0131kesir Milletvekili Pakize Mutlu Aydemir, CHP Bal\u0131kesir Milletvekili\nAhmet Ak\u0131n, CHP Ankara Milletvekili Murat Emir, AK Parti Denizli Milletvekili\nAli Y\u0131ld\u0131z, SGK Y\u00f6netim Kurulu \u00dcyesi Murat Cang\u00fcl de ziyaret ederek \u00fcr\u00fcnleri\ninceledi.<\/p>\n\n\n\n<figure class=\"wp-block-image\"><img decoding=\"async\" src=\"http:\/\/balikesirgercek.com\/wp-content\/uploads\/2019\/09\/bbb-12-26a508d7-1007-451b-b61f-0f1ca55b15aa-1024x678.jpg\" alt=\"\" class=\"wp-image-6764\"\/><\/figure>\n\n\n\n<p><strong>PEYN\u0130RLER \u0130\u00c7\u0130N\n\u00c7ALI\u015eMALAR S\u00dcR\u00dcYOR<\/strong><\/p>\n\n\n\n<p>Bal\u0131kesir\nB\u00fcy\u00fck\u015fehir Belediyesi K\u0131rsal Hizmetler Dairesi Ba\u015fkan\u0131 Ahmet Mekin T\u00fcz\u00fcn,\nprotokol \u00fcyelerine belediyenin \u00fcretimine yeni ba\u015flad\u0131\u011f\u0131 Havran mandalinas\u0131\nkolonyas\u0131ndan kendi elleriyle ikram ederek tan\u0131t\u0131m\u0131n\u0131 ger\u00e7ekle\u015ftirdi. Ard\u0131ndan\nhepsine \u201c<strong>50 Peynirli \u015eehir Bal\u0131kesir<\/strong>\u201d\nkitab\u0131n\u0131 hediye eden T\u00fcz\u00fcn, y\u00f6resel peynirlerin co\u011frafi i\u015faret almas\u0131 i\u00e7in\n\u00e7al\u0131\u015fmalara devam ettiklerini belirtti.<\/p>\n\n\n\n<ul class=\"wp-block-gallery columns-3 is-cropped wp-block-gallery-1 is-layout-flex wp-block-gallery-is-layout-flex\"><li class=\"blocks-gallery-item\"><figure><img decoding=\"async\" src=\"http:\/\/balikesirgercek.com\/wp-content\/uploads\/2019\/09\/bbb-15-de733fbd-f8da-4d8a-9ebc-c1aacfbf5961-1-1024x678.jpg\" alt=\"\" data-id=\"6765\" data-link=\"http:\/\/balikesirgercek.com\/?attachment_id=6765\" class=\"wp-image-6765\"\/><\/figure><\/li><li class=\"blocks-gallery-item\"><figure><img decoding=\"async\" src=\"http:\/\/balikesirgercek.com\/wp-content\/uploads\/2019\/09\/bbb-2-94b00b33-ab29-433d-a131-cb09aef6e237-1024x678.jpg\" alt=\"\" data-id=\"6766\" data-link=\"http:\/\/balikesirgercek.com\/?attachment_id=6766\" class=\"wp-image-6766\"\/><\/figure><\/li><li class=\"blocks-gallery-item\"><figure><img decoding=\"async\" src=\"http:\/\/balikesirgercek.com\/wp-content\/uploads\/2019\/09\/bbb-8-306ca0f0-a3e9-4875-90b2-977bc334bbab-1024x678.jpg\" alt=\"\" data-id=\"6767\" data-link=\"http:\/\/balikesirgercek.com\/?attachment_id=6767\" class=\"wp-image-6767\"\/><\/figure><\/li><li class=\"blocks-gallery-item\"><figure><img decoding=\"async\" src=\"http:\/\/balikesirgercek.com\/wp-content\/uploads\/2019\/09\/bbb-11-09d7a326-adae-43c9-ac28-7feade70c3ca-1024x678.jpg\" alt=\"\" data-id=\"6768\" data-link=\"http:\/\/balikesirgercek.com\/?attachment_id=6768\" class=\"wp-image-6768\"\/><\/figure><\/li><li class=\"blocks-gallery-item\"><figure><img decoding=\"async\" src=\"http:\/\/balikesirgercek.com\/wp-content\/uploads\/2019\/09\/bbb-13-466a3e4f-53a8-4b1f-ac89-c8ac5dda59cd-1024x678.jpg\" alt=\"\" data-id=\"6769\" data-link=\"http:\/\/balikesirgercek.com\/?attachment_id=6769\" class=\"wp-image-6769\"\/><\/figure><\/li><li class=\"blocks-gallery-item\"><figure><img decoding=\"async\" src=\"http:\/\/balikesirgercek.com\/wp-content\/uploads\/2019\/09\/bbb-14-dba95b47-d654-48ee-b5be-35f08315ff83-1024x678.jpg\" alt=\"\" data-id=\"6770\" data-link=\"http:\/\/balikesirgercek.com\/?attachment_id=6770\" class=\"wp-image-6770\"\/><\/figure><\/li><\/ul>\n\n\n<p><!--EndFragment--><br>\n<br>\n<\/p>","protected":false},"excerpt":{"rendered":"<p>BALIKES\u0130R STANDI FUARIN EN D\u0130KKAT \u00c7EKENLER\u0130 ARASINDA \u201cII. Uluslararas\u0131 Co\u011frafi \u0130\u015faretli \u00dcr\u00fcnler Zirvesi\u201dnde, co\u011frafi i\u015faretli \u00fcr\u00fcnlerinin tan\u0131t\u0131m\u0131na devam eden Bal\u0131kesir B\u00fcy\u00fck\u015fehir Belediyesi stand\u0131, fuar\u0131n en dikkat \u00e7ekici stantlar\u0131ndan olmay\u0131 s\u00fcrd\u00fcr\u00fcyor. Bal\u0131kesir\u2019in y\u00f6resel k\u0131yafetlerini tan\u0131tan gen\u00e7ler, vatanda\u015flar\u0131n ilgi oda\u011f\u0131 oldu. Cumhurba\u015fkanl\u0131\u011f\u0131&#8230;<\/p>\n","protected":false},"author":3,"featured_media":6193,"comment_status":"open","ping_status":"open","sticky":false,"template":"","format":"standard","meta":{"footnotes":""},"categories":[20,30,36],"tags":[],"class_list":["post-6192","post","type-post","status-publish","format-standard","has-post-thumbnail","hentry","category-guncel","category-kultursanat","category-manset"],"_links":{"self":[{"href":"http:\/\/gazetevizyon.com\/index.php?rest_route=\/wp\/v2\/posts\/6192","targetHints":{"allow":["GET"]}}],"collection":[{"href":"http:\/\/gazetevizyon.com\/index.php?rest_route=\/wp\/v2\/posts"}],"about":[{"href":"http:\/\/gazetevizyon.com\/index.php?rest_route=\/wp\/v2\/types\/post"}],"author":[{"embeddable":true,"href":"http:\/\/gazetevizyon.com\/index.php?rest_route=\/wp\/v2\/users\/3"}],"replies":[{"embeddable":true,"href":"http:\/\/gazetevizyon.com\/index.php?rest_route=%2Fwp%2Fv2%2Fcomments&post=6192"}],"version-history":[{"count":1,"href":"http:\/\/gazetevizyon.com\/index.php?rest_route=\/wp\/v2\/posts\/6192\/revisions"}],"predecessor-version":[{"id":6194,"href":"http:\/\/gazetevizyon.com\/index.php?rest_route=\/wp\/v2\/posts\/6192\/revisions\/6194"}],"wp:featuredmedia":[{"embeddable":true,"href":"http:\/\/gazetevizyon.com\/index.php?rest_route=\/wp\/v2\/media\/6193"}],"wp:attachment":[{"href":"http:\/\/gazetevizyon.com\/index.php?rest_route=%2Fwp%2Fv2%2Fmedia&parent=6192"}],"wp:term":[{"taxonomy":"category","embeddable":true,"href":"http:\/\/gazetevizyon.com\/index.php?rest_route=%2Fwp%2Fv2%2Fcategories&post=6192"},{"taxonomy":"post_tag","embeddable":true,"href":"http:\/\/gazetevizyon.com\/index.php?rest_route=%2Fwp%2Fv2%2Ftags&post=6192"}],"curies":[{"name":"wp","href":"https:\/\/api.w.org\/{rel}","templated":true}]}}