{"id":8093,"date":"2024-05-07T03:14:46","date_gmt":"2024-05-07T03:14:46","guid":{"rendered":"http:\/\/gazetevizyon.com\/?p=8093"},"modified":"2024-05-07T03:14:46","modified_gmt":"2024-05-07T03:14:46","slug":"saglik-isleri-mudurlugu-sivrisinek-ve-hasere-kontrolu-yapiyor","status":"publish","type":"post","link":"http:\/\/gazetevizyon.com\/?p=8093","title":{"rendered":"Sa\u011fl\u0131k \u0130\u015fleri M\u00fcd\u00fcrl\u00fc\u011f\u00fc Sivrisinek ve Ha\u015fere Kontrol\u00fc Yap\u0131yor"},"content":{"rendered":"<p>Sa\u011fl\u0131k \u0130\u015fleri M\u00fcd\u00fcrl\u00fc\u011f\u00fc ekipleri, halk sa\u011fl\u0131\u011f\u0131n\u0131 korumak amac\u0131yla b\u00f6lgedeki sivrisinek ve ha\u015fereyi kontrol alt\u0131na almak i\u00e7in geni\u015f \u00e7apl\u0131 bir ila\u00e7lama \u00e7al\u0131\u015fmas\u0131 y\u00fcr\u00fctt\u00fc. \u00c7al\u0131\u015fmalar, \u00f6zellikle kamu sa\u011fl\u0131\u011f\u0131n\u0131 tehdit eden b\u00f6ceklerin yo\u011fun olarak bulundu\u011fu ormanl\u0131k ve kamp alanlar\u0131nda ger\u00e7ekle\u015ftirildi. Ayr\u0131ca, e\u011fitim ve askeri tesislerde de detayl\u0131 ila\u00e7lama i\u015flemleri yap\u0131ld\u0131. Bu \u00e7abalar, yaz aylar\u0131nda s\u0131kl\u0131kla art\u0131\u015f g\u00f6steren ha\u015fere sorununu minimize etmeyi ama\u00e7l\u0131yor. \u0130la\u00e7lama i\u015flemleri, vatanda\u015flar\u0131n sa\u011fl\u0131\u011f\u0131n\u0131 koruma ve olas\u0131 hastal\u0131k risklerini azaltma hedefine y\u00f6nelik titizlikle s\u00fcrd\u00fcr\u00fclecektir.<\/p>\n","protected":false},"excerpt":{"rendered":"<p>Sa\u011fl\u0131k \u0130\u015fleri M\u00fcd\u00fcrl\u00fc\u011f\u00fc ekipleri, halk sa\u011fl\u0131\u011f\u0131n\u0131 korumak amac\u0131yla b\u00f6lgedeki sivrisinek ve ha\u015fereyi kontrol alt\u0131na almak i\u00e7in geni\u015f \u00e7apl\u0131 bir ila\u00e7lama \u00e7al\u0131\u015fmas\u0131 y\u00fcr\u00fctt\u00fc. \u00c7al\u0131\u015fmalar, \u00f6zellikle kamu sa\u011fl\u0131\u011f\u0131n\u0131 tehdit eden b\u00f6ceklerin yo\u011fun olarak bulundu\u011fu ormanl\u0131k ve kamp alanlar\u0131nda ger\u00e7ekle\u015ftirildi. Ayr\u0131ca, e\u011fitim ve&#8230;<\/p>\n","protected":false},"author":1,"featured_media":8094,"comment_status":"closed","ping_status":"closed","sticky":false,"template":"","format":"standard","meta":{"footnotes":""},"categories":[36],"tags":[],"class_list":["post-8093","post","type-post","status-publish","format-standard","has-post-thumbnail","hentry","category-manset"],"_links":{"self":[{"href":"http:\/\/gazetevizyon.com\/index.php?rest_route=\/wp\/v2\/posts\/8093","targetHints":{"allow":["GET"]}}],"collection":[{"href":"http:\/\/gazetevizyon.com\/index.php?rest_route=\/wp\/v2\/posts"}],"about":[{"href":"http:\/\/gazetevizyon.com\/index.php?rest_route=\/wp\/v2\/types\/post"}],"author":[{"embeddable":true,"href":"http:\/\/gazetevizyon.com\/index.php?rest_route=\/wp\/v2\/users\/1"}],"replies":[{"embeddable":true,"href":"http:\/\/gazetevizyon.com\/index.php?rest_route=%2Fwp%2Fv2%2Fcomments&post=8093"}],"version-history":[{"count":0,"href":"http:\/\/gazetevizyon.com\/index.php?rest_route=\/wp\/v2\/posts\/8093\/revisions"}],"wp:featuredmedia":[{"embeddable":true,"href":"http:\/\/gazetevizyon.com\/index.php?rest_route=\/wp\/v2\/media\/8094"}],"wp:attachment":[{"href":"http:\/\/gazetevizyon.com\/index.php?rest_route=%2Fwp%2Fv2%2Fmedia&parent=8093"}],"wp:term":[{"taxonomy":"category","embeddable":true,"href":"http:\/\/gazetevizyon.com\/index.php?rest_route=%2Fwp%2Fv2%2Fcategories&post=8093"},{"taxonomy":"post_tag","embeddable":true,"href":"http:\/\/gazetevizyon.com\/index.php?rest_route=%2Fwp%2Fv2%2Ftags&post=8093"}],"curies":[{"name":"wp","href":"https:\/\/api.w.org\/{rel}","templated":true}]}}