{"id":8119,"date":"2024-05-07T00:00:00","date_gmt":"2024-05-07T00:00:00","guid":{"rendered":"http:\/\/gazetevizyon.com\/?p=8119"},"modified":"2024-05-07T00:00:00","modified_gmt":"2024-05-07T00:00:00","slug":"vali-ismail-ustaoglu-karayolu-trafik-guvenligi-ve-karayolu-trafik-haftasi-programina-katildi","status":"publish","type":"post","link":"http:\/\/gazetevizyon.com\/?p=8119","title":{"rendered":"Vali \u0130smail Ustao\u011flu &#8220;Karayolu Trafik G\u00fcvenli\u011fi ve Karayolu Trafik Haftas\u0131&#8221; Program\u0131na Kat\u0131ld\u0131"},"content":{"rendered":"<p>Vali \u0130smail Ustao\u011flu, &#8220;Karayolu Trafik G\u00fcvenli\u011fi ve Karayolu Trafik Haftas\u0131&#8221; kapsam\u0131nda \u00c7ocuk Trafik E\u011fitim Park\u0131nda d\u00fczenlenen programa kat\u0131ld\u0131. Programa kat\u0131lan minikler ak\u00fcl\u00fc araba ve motosiklet kullanarak trafik kurallar\u0131n\u0131 uygulamal\u0131 olarak \u00f6\u011frendi. Program\u0131n ba\u015flang\u0131c\u0131nda Sayg\u0131 Duru\u015fu ve \u0130stiklal Mar\u015f\u0131&#8217;n\u0131n okunmas\u0131yla birlikte a\u00e7\u0131l\u0131\u015f konu\u015fmas\u0131n\u0131 yapan Trafik Tescil ve Denetleme \u015eube M\u00fcd\u00fcr\u00fc Serdar G\u00fcler, trafik kazalar\u0131n\u0131n toplumun genelini ilgilendiren \u00fcz\u00fcc\u00fc ve y\u0131k\u0131c\u0131 sonu\u00e7lara yol a\u00e7abilece\u011fini belirtti. G\u00fcler, trafik konusunda bilin\u00e7lenerek davran\u0131\u015f haline getirmenin daha g\u00fcvenli bir trafik ortam\u0131 sa\u011flayaca\u011f\u0131n\u0131 vurgulad\u0131. 2013 y\u0131l\u0131nda \u00fclkemizde ya\u015fanan trafik kazalar\u0131nda 2 bin 211 vatanda\u015f\u0131m\u0131z kaza yerinde hayat\u0131n\u0131 kaybetti, 305 bin 227 vatanda\u015f\u0131m\u0131z yaraland\u0131 veya sakat kald\u0131. Ayn\u0131 y\u0131l Bal\u0131kesir il genelinde ise 51 vatanda\u015f\u0131m\u0131z trafik kazalar\u0131nda hayat\u0131n\u0131 kaybetti, 5 bin 816 vatanda\u015f\u0131m\u0131z yaraland\u0131 veya sakat kald\u0131.<\/p>\n<p>Programda konu\u015fan Vali \u0130smail Ustao\u011flu, trafik g\u00fcvenli\u011finin \u00f6nemine de\u011finerek s\u00fcr\u00fcc\u00fc ve yayalara kurallara uymalar\u0131 konusunda uyar\u0131larda bulundu. Vali Ustao\u011flu, her y\u0131l d\u00fczenlenen Karayolu Trafik Haftas\u0131 etkinliklerinin toplumda fark\u0131ndal\u0131k olu\u015fturmay\u0131 ama\u00e7lad\u0131\u011f\u0131n\u0131 belirtti. \u0130\u00e7i\u015fleri Bakanl\u0131\u011f\u0131 himayesinde T\u00fcrkiye genelinde \u00e7ocuk trafik e\u011fitim parklar\u0131 olu\u015fturuldu\u011funu ifade eden Ustao\u011flu, ge\u00e7en y\u0131l 5 bin 600 \u00f6\u011frenciyi bu parklarda misafir etti\u011fini s\u00f6yledi. Bal\u0131kesir&#8217;de ge\u00e7ti\u011fimiz y\u0131l 51 vatanda\u015f\u0131n trafik kazalar\u0131nda hayat\u0131n\u0131 kaybetti\u011fini a\u00e7\u0131klayan Ustao\u011flu, trafik kurallar\u0131na uyman\u0131n toplumsal bilinci ileriye ta\u015f\u0131mak a\u00e7\u0131s\u0131ndan \u00f6nemli oldu\u011funu vurgulad\u0131. Ustao\u011flu, programda miniklere \u00e7a\u011fr\u0131da bulunarak, arabaya bindiklerinde annelerini ve babalar\u0131n\u0131 uyard\u0131klar\u0131nda daha dikkatli olacaklar\u0131n\u0131 s\u00f6yledi.<\/p>\n<p>Programda ayr\u0131ca haftayla ilgili d\u00fczenlenen \u015fiir, resim ve kompozisyon yar\u0131\u015fmalar\u0131nda dereceye giren \u00f6\u011frencilere \u00f6d\u00fclleri takdim edildi. Ayr\u0131ca ba\u015far\u0131l\u0131 trafik polisi ve trafik jandarmas\u0131 ile y\u0131l\u0131n s\u00fcr\u00fcc\u00fclerine ba\u015far\u0131 ve te\u015fekk\u00fcr belgeleri verildi.<\/p>\n","protected":false},"excerpt":{"rendered":"<p>Vali \u0130smail Ustao\u011flu, &#8220;Karayolu Trafik G\u00fcvenli\u011fi ve Karayolu Trafik Haftas\u0131&#8221; kapsam\u0131nda \u00c7ocuk Trafik E\u011fitim Park\u0131nda d\u00fczenlenen programa kat\u0131ld\u0131. Programa kat\u0131lan minikler ak\u00fcl\u00fc araba ve motosiklet kullanarak trafik kurallar\u0131n\u0131 uygulamal\u0131 olarak \u00f6\u011frendi. Program\u0131n ba\u015flang\u0131c\u0131nda Sayg\u0131 Duru\u015fu ve \u0130stiklal Mar\u015f\u0131&#8217;n\u0131n okunmas\u0131yla birlikte&#8230;<\/p>\n","protected":false},"author":1,"featured_media":8120,"comment_status":"closed","ping_status":"closed","sticky":false,"template":"","format":"standard","meta":{"footnotes":""},"categories":[1],"tags":[],"class_list":["post-8119","post","type-post","status-publish","format-standard","has-post-thumbnail","hentry","category-genel"],"_links":{"self":[{"href":"http:\/\/gazetevizyon.com\/index.php?rest_route=\/wp\/v2\/posts\/8119","targetHints":{"allow":["GET"]}}],"collection":[{"href":"http:\/\/gazetevizyon.com\/index.php?rest_route=\/wp\/v2\/posts"}],"about":[{"href":"http:\/\/gazetevizyon.com\/index.php?rest_route=\/wp\/v2\/types\/post"}],"author":[{"embeddable":true,"href":"http:\/\/gazetevizyon.com\/index.php?rest_route=\/wp\/v2\/users\/1"}],"replies":[{"embeddable":true,"href":"http:\/\/gazetevizyon.com\/index.php?rest_route=%2Fwp%2Fv2%2Fcomments&post=8119"}],"version-history":[{"count":0,"href":"http:\/\/gazetevizyon.com\/index.php?rest_route=\/wp\/v2\/posts\/8119\/revisions"}],"wp:featuredmedia":[{"embeddable":true,"href":"http:\/\/gazetevizyon.com\/index.php?rest_route=\/wp\/v2\/media\/8120"}],"wp:attachment":[{"href":"http:\/\/gazetevizyon.com\/index.php?rest_route=%2Fwp%2Fv2%2Fmedia&parent=8119"}],"wp:term":[{"taxonomy":"category","embeddable":true,"href":"http:\/\/gazetevizyon.com\/index.php?rest_route=%2Fwp%2Fv2%2Fcategories&post=8119"},{"taxonomy":"post_tag","embeddable":true,"href":"http:\/\/gazetevizyon.com\/index.php?rest_route=%2Fwp%2Fv2%2Ftags&post=8119"}],"curies":[{"name":"wp","href":"https:\/\/api.w.org\/{rel}","templated":true}]}}