{"id":8147,"date":"2024-05-07T20:04:28","date_gmt":"2024-05-07T20:04:28","guid":{"rendered":"http:\/\/gazetevizyon.com\/?p=8147"},"modified":"2024-05-07T20:04:28","modified_gmt":"2024-05-07T20:04:28","slug":"optisyenlik-ogrenci-sektor-bulusmasi-etkinligi-ogrencilerin-mesleki-gelisimini-destekliyor","status":"publish","type":"post","link":"http:\/\/gazetevizyon.com\/?p=8147","title":{"rendered":"&#8220;Optisyenlik \u00d6\u011frenci-Sekt\u00f6r Bulu\u015fmas\u0131&#8221; Etkinli\u011fi \u00d6\u011frencilerin Mesleki Geli\u015fimini Destekliyor"},"content":{"rendered":"<p>\u00d6\u011frencilerin mesleki geli\u015fimini desteklemek amac\u0131yla bir \u00fcniversite taraf\u0131ndan d\u00fczenlenen &#8220;Optisyenlik \u00d6\u011frenci-Sekt\u00f6r Bulu\u015fmas\u0131&#8221; etkinli\u011fi \u00f6n\u00fcm\u00fczdeki g\u00fcnlerde ger\u00e7ekle\u015fecek. Bu etkinlik, \u00f6\u011frencileri sekt\u00f6r\u00fcn \u00f6nde gelen isimleriyle bir araya getiriyor ve mesleki bilgi ile becerilerinin art\u0131r\u0131lmas\u0131na katk\u0131da bulunmay\u0131 hedefliyor.<\/p>\n<p>Bulu\u015fma, \u00fcniversitenin Sa\u011fl\u0131k Hizmetleri Meslek Y\u00fcksekokulu taraf\u0131ndan organize ediliyor ve her akademik d\u00f6nem d\u00fczenli olarak ger\u00e7ekle\u015ftirilen \u00f6\u011frenci-sekt\u00f6r etkinliklerinin bir par\u00e7as\u0131. Etkinlik, sekt\u00f6r profesyonelleri ve \u00f6\u011frenciler aras\u0131nda diyalog ve i\u015fbirli\u011fi f\u0131rsatlar\u0131 yaratmay\u0131 ama\u00e7layarak e\u011fitim ve end\u00fcstri aras\u0131ndaki k\u00f6pr\u00fcy\u00fc g\u00fc\u00e7lendirmeyi ama\u00e7l\u0131yor.<\/p>\n<p>Etkinlikte, optik sekt\u00f6r\u00fcn\u00fcn deneyimli isimleri kat\u0131l\u0131mc\u0131 olarak yer alacak. Bu ki\u015filer aras\u0131nda bir optik firman\u0131n b\u00f6lge m\u00fcd\u00fcr\u00fc ve insan kaynaklar\u0131ndan sorumlu y\u00f6netici bulunuyor. Ayr\u0131ca, alan\u0131nda uzman bir optisyen de kat\u0131l\u0131mc\u0131larla deneyimlerini payla\u015facak.<\/p>\n<p>&#8220;Optisyenlik \u00d6\u011frenci-Sekt\u00f6r Bulu\u015fmas\u0131&#8221;, ilgili tarih ve saatte \u00fcniversitenin \u00f6\u011frenci ya\u015fam merkezinde d\u00fczenlenecek konferans salonunda ger\u00e7ekle\u015ftirilecek. Bu etkinlik, hem \u00f6\u011frencilerin alanda \u00e7e\u015fitli kariyer olanaklar\u0131n\u0131 ke\u015ffetmelerine yard\u0131mc\u0131 olacak hem de sekt\u00f6r temsilcileriyle do\u011frudan ileti\u015fim kurma imkan\u0131 sunarak onlar\u0131n mesleki a\u011flar\u0131n\u0131 geni\u015fletmelerine olanak tan\u0131yacak.<\/p>\n","protected":false},"excerpt":{"rendered":"<p>\u00d6\u011frencilerin mesleki geli\u015fimini desteklemek amac\u0131yla bir \u00fcniversite taraf\u0131ndan d\u00fczenlenen &#8220;Optisyenlik \u00d6\u011frenci-Sekt\u00f6r Bulu\u015fmas\u0131&#8221; etkinli\u011fi \u00f6n\u00fcm\u00fczdeki g\u00fcnlerde ger\u00e7ekle\u015fecek. Bu etkinlik, \u00f6\u011frencileri sekt\u00f6r\u00fcn \u00f6nde gelen isimleriyle bir araya getiriyor ve mesleki bilgi ile becerilerinin art\u0131r\u0131lmas\u0131na katk\u0131da bulunmay\u0131 hedefliyor. Bulu\u015fma, \u00fcniversitenin Sa\u011fl\u0131k Hizmetleri Meslek&#8230;<\/p>\n","protected":false},"author":1,"featured_media":8148,"comment_status":"closed","ping_status":"closed","sticky":false,"template":"","format":"standard","meta":{"footnotes":""},"categories":[27],"tags":[],"class_list":["post-8147","post","type-post","status-publish","format-standard","has-post-thumbnail","hentry","category-egitim"],"_links":{"self":[{"href":"http:\/\/gazetevizyon.com\/index.php?rest_route=\/wp\/v2\/posts\/8147","targetHints":{"allow":["GET"]}}],"collection":[{"href":"http:\/\/gazetevizyon.com\/index.php?rest_route=\/wp\/v2\/posts"}],"about":[{"href":"http:\/\/gazetevizyon.com\/index.php?rest_route=\/wp\/v2\/types\/post"}],"author":[{"embeddable":true,"href":"http:\/\/gazetevizyon.com\/index.php?rest_route=\/wp\/v2\/users\/1"}],"replies":[{"embeddable":true,"href":"http:\/\/gazetevizyon.com\/index.php?rest_route=%2Fwp%2Fv2%2Fcomments&post=8147"}],"version-history":[{"count":0,"href":"http:\/\/gazetevizyon.com\/index.php?rest_route=\/wp\/v2\/posts\/8147\/revisions"}],"wp:featuredmedia":[{"embeddable":true,"href":"http:\/\/gazetevizyon.com\/index.php?rest_route=\/wp\/v2\/media\/8148"}],"wp:attachment":[{"href":"http:\/\/gazetevizyon.com\/index.php?rest_route=%2Fwp%2Fv2%2Fmedia&parent=8147"}],"wp:term":[{"taxonomy":"category","embeddable":true,"href":"http:\/\/gazetevizyon.com\/index.php?rest_route=%2Fwp%2Fv2%2Fcategories&post=8147"},{"taxonomy":"post_tag","embeddable":true,"href":"http:\/\/gazetevizyon.com\/index.php?rest_route=%2Fwp%2Fv2%2Ftags&post=8147"}],"curies":[{"name":"wp","href":"https:\/\/api.w.org\/{rel}","templated":true}]}}