{"id":8197,"date":"2024-05-08T00:00:00","date_gmt":"2024-05-08T00:00:00","guid":{"rendered":"http:\/\/gazetevizyon.com\/?p=8197"},"modified":"2024-05-08T00:00:00","modified_gmt":"2024-05-08T00:00:00","slug":"evliya-celebi-ogrenci-degisim-programi-kapsaminda-ogrenciler-ziyaret-etti","status":"publish","type":"post","link":"http:\/\/gazetevizyon.com\/?p=8197","title":{"rendered":"Evliya \u00c7elebi \u00d6\u011frenci De\u011fi\u015fim Program\u0131 kapsam\u0131nda \u00d6\u011frenciler Ziyaret Etti"},"content":{"rendered":"<p>Evliya \u00c7elebi \u00d6\u011frenci De\u011fi\u015fim Program\u0131 kapsam\u0131nda &#8220;2 Deryan\u0131n Kavu\u015fmas\u0131&#8221; adl\u0131 proje ile il\u00e7emize ziyarette bulunan Konya Uluslararas\u0131 Mevl\u00e2na Anadolu \u0130mam Hatip Lisesi \u00f6\u011frencileri ve il\u00e7emiz Hac\u0131 Mehmet Fevzi K\u00f6yl\u00fc \u0130mam Hatip Lisesi \u00f6\u011frenci ve \u00f6\u011fretmenleri, Kaymakam\u0131m\u0131z \u0130lyas MEM\u0130\u015e&#8217;i makam\u0131nda ziyaret etti.<\/p>\n<p>Ziyarete Konya Uluslararas\u0131 Mevl\u00e2na Anadolu \u0130mam Hatip Lisesi Okul M\u00fcd\u00fcr\u00fc Mevl\u00fct \u00d6ZDEM\u0130R, Okul M\u00fcd\u00fcr Yard\u0131mc\u0131s\u0131 \u00d6mer SILKIM, Hac\u0131 Mehmet Fevzi K\u00f6yl\u00fc \u0130mam Hatip Lisesi M\u00fcd\u00fcr\u00fc Ahmet Ulvi KARA ve \u00f6\u011frenciler kat\u0131ld\u0131.<\/p>\n<p>Kaymakam\u0131m\u0131z \u0130lyas MEM\u0130\u015e, ziyaretten duydu\u011fu memnuniyeti ifade ederek \u00f6\u011frencilerle sohbet etti ve \u00f6\u011frencilere kitap hediye etti.<\/p>\n","protected":false},"excerpt":{"rendered":"<p>Evliya \u00c7elebi \u00d6\u011frenci De\u011fi\u015fim Program\u0131 kapsam\u0131nda &#8220;2 Deryan\u0131n Kavu\u015fmas\u0131&#8221; adl\u0131 proje ile il\u00e7emize ziyarette bulunan Konya Uluslararas\u0131 Mevl\u00e2na Anadolu \u0130mam Hatip Lisesi \u00f6\u011frencileri ve il\u00e7emiz Hac\u0131 Mehmet Fevzi K\u00f6yl\u00fc \u0130mam Hatip Lisesi \u00f6\u011frenci ve \u00f6\u011fretmenleri, Kaymakam\u0131m\u0131z \u0130lyas MEM\u0130\u015e&#8217;i makam\u0131nda ziyaret&#8230;<\/p>\n","protected":false},"author":1,"featured_media":8198,"comment_status":"closed","ping_status":"closed","sticky":false,"template":"","format":"standard","meta":{"footnotes":""},"categories":[1],"tags":[],"class_list":["post-8197","post","type-post","status-publish","format-standard","has-post-thumbnail","hentry","category-genel"],"_links":{"self":[{"href":"http:\/\/gazetevizyon.com\/index.php?rest_route=\/wp\/v2\/posts\/8197","targetHints":{"allow":["GET"]}}],"collection":[{"href":"http:\/\/gazetevizyon.com\/index.php?rest_route=\/wp\/v2\/posts"}],"about":[{"href":"http:\/\/gazetevizyon.com\/index.php?rest_route=\/wp\/v2\/types\/post"}],"author":[{"embeddable":true,"href":"http:\/\/gazetevizyon.com\/index.php?rest_route=\/wp\/v2\/users\/1"}],"replies":[{"embeddable":true,"href":"http:\/\/gazetevizyon.com\/index.php?rest_route=%2Fwp%2Fv2%2Fcomments&post=8197"}],"version-history":[{"count":0,"href":"http:\/\/gazetevizyon.com\/index.php?rest_route=\/wp\/v2\/posts\/8197\/revisions"}],"wp:featuredmedia":[{"embeddable":true,"href":"http:\/\/gazetevizyon.com\/index.php?rest_route=\/wp\/v2\/media\/8198"}],"wp:attachment":[{"href":"http:\/\/gazetevizyon.com\/index.php?rest_route=%2Fwp%2Fv2%2Fmedia&parent=8197"}],"wp:term":[{"taxonomy":"category","embeddable":true,"href":"http:\/\/gazetevizyon.com\/index.php?rest_route=%2Fwp%2Fv2%2Fcategories&post=8197"},{"taxonomy":"post_tag","embeddable":true,"href":"http:\/\/gazetevizyon.com\/index.php?rest_route=%2Fwp%2Fv2%2Ftags&post=8197"}],"curies":[{"name":"wp","href":"https:\/\/api.w.org\/{rel}","templated":true}]}}