{"id":8580,"date":"2024-05-27T23:40:58","date_gmt":"2024-05-27T23:40:58","guid":{"rendered":"http:\/\/gazetevizyon.com\/?p=8580"},"modified":"2024-05-27T23:40:58","modified_gmt":"2024-05-27T23:40:58","slug":"balikesirde-toplu-tasima-sefer-saatlerinde-degisiklik-yapildi","status":"publish","type":"post","link":"http:\/\/gazetevizyon.com\/?p=8580","title":{"rendered":"Bal\u0131kesir&#8217;de Toplu Ta\u015f\u0131ma Sefer Saatlerinde De\u011fi\u015fiklik Yap\u0131ld\u0131"},"content":{"rendered":"<p>Bal\u0131kesir Toplu Ta\u015f\u0131ma A.\u015e., Karesi TOK\u0130 Konutlar\u0131 g\u00fczergah\u0131ndaki toplu ta\u015f\u0131ma ara\u00e7lar\u0131n\u0131n gece sefer saatlerinde de\u011fi\u015fiklik yap\u0131ld\u0131\u011f\u0131n\u0131 duyurdu. De\u011fi\u015fiklikler, 28 May\u0131s 2024 tarihinden itibaren ge\u00e7erli olacak.<\/p>\n<p>Yeni d\u00fczenlemeye g\u00f6re, Kuvayi Milliye 3 hatt\u0131nda yer alan B5 Toplu Ta\u015f\u0131ma Merkezi&#8217;nden kalkan ara\u00e7lar i\u00e7in gece 22:05, 23:05 ve 00:05&#8217;te yap\u0131lan seferler, 5 dakika geriye \u00e7ekildi. Bu \u00e7er\u00e7evede, yeni sefer saatleri 22:00, 23:00 ve 00:00 olarak yeniden belirlendi.<\/p>\n<p>Bal\u0131kesir Toplu Ta\u015f\u0131ma A.\u015e. yetkilileri, al\u0131nan bu karar\u0131n yolcular\u0131n ula\u015f\u0131mda ya\u015fad\u0131\u011f\u0131 s\u0131k\u0131\u015f\u0131kl\u0131\u011f\u0131 azaltmay\u0131 ve seferlerin daha verimli yap\u0131lmas\u0131n\u0131 ama\u00e7lad\u0131\u011f\u0131n\u0131 bildirdi. Yetkililer, d\u00fczenlemenin yolcu memnuniyetini art\u0131raca\u011f\u0131n\u0131 umut ettiklerini ifade etti.<\/p>\n<p>Bu bilgiler, Bal\u0131kesir Toplu Ta\u015f\u0131ma A.\u015e.&#8217;nin resmi duyurusu \u00fczerinden al\u0131nm\u0131\u015ft\u0131r.<\/p>\n<p>Edit\u00f6r\u00fcn\u00fcz: [Edit\u00f6r \u0130smi]<\/p>\n","protected":false},"excerpt":{"rendered":"<p>Bal\u0131kesir Toplu Ta\u015f\u0131ma A.\u015e., Karesi TOK\u0130 Konutlar\u0131 g\u00fczergah\u0131ndaki toplu ta\u015f\u0131ma ara\u00e7lar\u0131n\u0131n gece sefer saatlerinde de\u011fi\u015fiklik yap\u0131ld\u0131\u011f\u0131n\u0131 duyurdu. De\u011fi\u015fiklikler, 28 May\u0131s 2024 tarihinden itibaren ge\u00e7erli olacak. Yeni d\u00fczenlemeye g\u00f6re, Kuvayi Milliye 3 hatt\u0131nda yer alan B5 Toplu Ta\u015f\u0131ma Merkezi&#8217;nden kalkan ara\u00e7lar&#8230;<\/p>\n","protected":false},"author":1,"featured_media":8581,"comment_status":"closed","ping_status":"closed","sticky":false,"template":"","format":"standard","meta":{"footnotes":""},"categories":[36],"tags":[],"class_list":["post-8580","post","type-post","status-publish","format-standard","has-post-thumbnail","hentry","category-manset"],"_links":{"self":[{"href":"http:\/\/gazetevizyon.com\/index.php?rest_route=\/wp\/v2\/posts\/8580","targetHints":{"allow":["GET"]}}],"collection":[{"href":"http:\/\/gazetevizyon.com\/index.php?rest_route=\/wp\/v2\/posts"}],"about":[{"href":"http:\/\/gazetevizyon.com\/index.php?rest_route=\/wp\/v2\/types\/post"}],"author":[{"embeddable":true,"href":"http:\/\/gazetevizyon.com\/index.php?rest_route=\/wp\/v2\/users\/1"}],"replies":[{"embeddable":true,"href":"http:\/\/gazetevizyon.com\/index.php?rest_route=%2Fwp%2Fv2%2Fcomments&post=8580"}],"version-history":[{"count":0,"href":"http:\/\/gazetevizyon.com\/index.php?rest_route=\/wp\/v2\/posts\/8580\/revisions"}],"wp:featuredmedia":[{"embeddable":true,"href":"http:\/\/gazetevizyon.com\/index.php?rest_route=\/wp\/v2\/media\/8581"}],"wp:attachment":[{"href":"http:\/\/gazetevizyon.com\/index.php?rest_route=%2Fwp%2Fv2%2Fmedia&parent=8580"}],"wp:term":[{"taxonomy":"category","embeddable":true,"href":"http:\/\/gazetevizyon.com\/index.php?rest_route=%2Fwp%2Fv2%2Fcategories&post=8580"},{"taxonomy":"post_tag","embeddable":true,"href":"http:\/\/gazetevizyon.com\/index.php?rest_route=%2Fwp%2Fv2%2Ftags&post=8580"}],"curies":[{"name":"wp","href":"https:\/\/api.w.org\/{rel}","templated":true}]}}