{"id":8672,"date":"2024-05-29T00:00:00","date_gmt":"2024-05-29T00:00:00","guid":{"rendered":"http:\/\/gazetevizyon.com\/?p=8672"},"modified":"2024-05-29T00:00:00","modified_gmt":"2024-05-29T00:00:00","slug":"kaymakam-ilyas-memis-baskanliginda-orman-yanginlariyla-mucadele-toplantisi-gerceklesti","status":"publish","type":"post","link":"http:\/\/gazetevizyon.com\/?p=8672","title":{"rendered":"Kaymakam \u0130lyas Memi\u015f Ba\u015fkanl\u0131\u011f\u0131nda Orman Yang\u0131nlar\u0131yla M\u00fccadele Toplant\u0131s\u0131 Ger\u00e7ekle\u015fti"},"content":{"rendered":"<p>    Kaymakam \u0130lyas Memi\u015f ba\u015fkanl\u0131\u011f\u0131nda orman yang\u0131nlar\u0131yla m\u00fccadele koordinasyon ve de\u011ferlendirme toplant\u0131s\u0131 d\u00fczenlendi.<\/p>\n<p>    Toplant\u0131da, orman yang\u0131nlar\u0131n\u0131n \u00f6nlenmesi, yang\u0131n s\u0131ras\u0131nda al\u0131nacak tedbirler ve yap\u0131lacak \u00e7al\u0131\u015fmalar ele al\u0131nd\u0131. Ayr\u0131ca kurumlar aras\u0131 koordinasyonun sa\u011flanmas\u0131, orman yang\u0131nlar\u0131 konusunda vatanda\u015flar\u0131n bilgilendirilmesi ve muhtemel yang\u0131nlar\u0131n \u00f6nlenmesi i\u00e7in al\u0131nmas\u0131 gereken tedbirler g\u00f6r\u00fc\u015f\u00fcld\u00fc.<\/p>\n<p>    Toplant\u0131ya, Kaymakam \u0130lyas Memi\u015f&#8217;in yan\u0131 s\u0131ra Emniyet M\u00fcd\u00fcr\u00fc Faik Karaba\u015f, Jandarma Komutan\u0131 Ahmet \u00c7a\u011fda\u015f Ak, Belediye Ba\u015fkan Yard\u0131mc\u0131s\u0131 Tamer Midilli, \u0130l\u00e7e Sa\u011fl\u0131k M\u00fcd\u00fcr\u00fc Dr. \u00d6mer Yi\u011fit Yal\u00e7\u0131n, \u0130l\u00e7e M\u00fcft\u00fcs\u00fc Mustafa Ali I\u015f\u0131k, \u0130l\u00e7e Tar\u0131m M\u00fcd\u00fcr\u00fc Bora Tamer, Burhaniye Orman \u0130\u015fletme \u015eefi Turgay Aymaz, UEDA\u015e Sorumlusu Enis K\u00f6se ve di\u011fer yetkililer kat\u0131ld\u0131.<\/p>\n","protected":false},"excerpt":{"rendered":"<p>Kaymakam \u0130lyas Memi\u015f ba\u015fkanl\u0131\u011f\u0131nda orman yang\u0131nlar\u0131yla m\u00fccadele koordinasyon ve de\u011ferlendirme toplant\u0131s\u0131 d\u00fczenlendi. Toplant\u0131da, orman yang\u0131nlar\u0131n\u0131n \u00f6nlenmesi, yang\u0131n s\u0131ras\u0131nda al\u0131nacak tedbirler ve yap\u0131lacak \u00e7al\u0131\u015fmalar ele al\u0131nd\u0131. Ayr\u0131ca kurumlar aras\u0131 koordinasyonun sa\u011flanmas\u0131, orman yang\u0131nlar\u0131 konusunda vatanda\u015flar\u0131n bilgilendirilmesi ve muhtemel yang\u0131nlar\u0131n \u00f6nlenmesi i\u00e7in&#8230;<\/p>\n","protected":false},"author":1,"featured_media":8673,"comment_status":"closed","ping_status":"closed","sticky":false,"template":"","format":"standard","meta":{"footnotes":""},"categories":[36],"tags":[],"class_list":["post-8672","post","type-post","status-publish","format-standard","has-post-thumbnail","hentry","category-manset"],"_links":{"self":[{"href":"http:\/\/gazetevizyon.com\/index.php?rest_route=\/wp\/v2\/posts\/8672","targetHints":{"allow":["GET"]}}],"collection":[{"href":"http:\/\/gazetevizyon.com\/index.php?rest_route=\/wp\/v2\/posts"}],"about":[{"href":"http:\/\/gazetevizyon.com\/index.php?rest_route=\/wp\/v2\/types\/post"}],"author":[{"embeddable":true,"href":"http:\/\/gazetevizyon.com\/index.php?rest_route=\/wp\/v2\/users\/1"}],"replies":[{"embeddable":true,"href":"http:\/\/gazetevizyon.com\/index.php?rest_route=%2Fwp%2Fv2%2Fcomments&post=8672"}],"version-history":[{"count":0,"href":"http:\/\/gazetevizyon.com\/index.php?rest_route=\/wp\/v2\/posts\/8672\/revisions"}],"wp:featuredmedia":[{"embeddable":true,"href":"http:\/\/gazetevizyon.com\/index.php?rest_route=\/wp\/v2\/media\/8673"}],"wp:attachment":[{"href":"http:\/\/gazetevizyon.com\/index.php?rest_route=%2Fwp%2Fv2%2Fmedia&parent=8672"}],"wp:term":[{"taxonomy":"category","embeddable":true,"href":"http:\/\/gazetevizyon.com\/index.php?rest_route=%2Fwp%2Fv2%2Fcategories&post=8672"},{"taxonomy":"post_tag","embeddable":true,"href":"http:\/\/gazetevizyon.com\/index.php?rest_route=%2Fwp%2Fv2%2Ftags&post=8672"}],"curies":[{"name":"wp","href":"https:\/\/api.w.org\/{rel}","templated":true}]}}