{"id":8724,"date":"2024-05-31T08:13:04","date_gmt":"2024-05-31T08:13:04","guid":{"rendered":"http:\/\/gazetevizyon.com\/?p=8724"},"modified":"2024-05-31T08:13:04","modified_gmt":"2024-05-31T08:13:04","slug":"balikesir-kirmizi-et-sektorunde-markalasma-hamleleri","status":"publish","type":"post","link":"http:\/\/gazetevizyon.com\/?p=8724","title":{"rendered":"Bal\u0131kesir K\u0131rm\u0131z\u0131 Et Sekt\u00f6r\u00fcnde Markala\u015fma Hamleleri"},"content":{"rendered":"<p>    Bal\u0131kesir&#8217;in k\u0131rm\u0131z\u0131 et sekt\u00f6r\u00fcnde katma de\u011fer sa\u011flayan tesislerden biri olan D\u00f6rt Mevsim Et Entegre Tesisi, \u00f6nemli ziyaret\u00e7iler a\u011f\u0131rlad\u0131. Bal\u0131kesir Valisi \u0130smail Ustao\u011flu ve \u0130l Tar\u0131m ve Orman M\u00fcd\u00fcr\u00fc Erkan Alkan, b\u00f6lgenin karkas \u00fcretiminde \u00fclke genelinde \u00f6nemli bir yere sahip olan bu tesisi ziyaret etti.<\/p>\n<p>    Ziyaret s\u0131ras\u0131nda, et \u00fcr\u00fcnlerinin marka de\u011ferini artt\u0131rarak b\u00f6lge ekonomisine nas\u0131l daha fazla katk\u0131da bulunabilecekleri \u00fczerine bilgi al\u0131\u015fveri\u015fi yap\u0131ld\u0131. Ayr\u0131ca, sekt\u00f6r\u00fcn mevcut durumu, kesim fiyatlar\u0131 ve g\u00fcncel geli\u015fmeler \u00fczerinde duruldu. Tam donan\u0131ml\u0131 teknolojik sistemlerle yap\u0131lan \u00fcretim ve i\u015fleme s\u00fcre\u00e7leri yerinde incelendi.<\/p>\n<p>    Ziyaret\u00e7iler, K\u00fc\u00e7\u00fckba\u015f Tar\u0131ma Dayal\u0131 \u0130htisas Organize Tar\u0131m B\u00f6lgesi\u2019nin k\u00fc\u00e7\u00fckba\u015f hayvan k\u00fcmelenmesi i\u00e7in yap\u0131lan haz\u0131rl\u0131k \u00e7al\u0131\u015fmalar\u0131 hakk\u0131nda da bilgilendirildi. Bu b\u00f6lgenin kurulmas\u0131 planlanmakta ve tar\u0131msal \u00fcretim i\u00e7in b\u00fcy\u00fck bir ileri ad\u0131m olarak g\u00f6r\u00fclmekte.<\/p>\n<p>    Bal\u0131kesir \u0130l Tar\u0131m ve Orman M\u00fcd\u00fcrl\u00fc\u011f\u00fc, b\u00f6lgedeki k\u0131rm\u0131z\u0131 et \u00fcretimini ve i\u015fleme faaliyetlerini yeni teknolojilerle destekleyerek s\u00fcrd\u00fcr\u00fclebilirli\u011fini art\u0131rmay\u0131 hedefliyor.<\/p>\n<p>    Kaynak: Bal\u0131kesir \u0130l Tar\u0131m ve Orman M\u00fcd\u00fcrl\u00fc\u011f\u00fc<\/p>\n","protected":false},"excerpt":{"rendered":"<p>Bal\u0131kesir&#8217;in k\u0131rm\u0131z\u0131 et sekt\u00f6r\u00fcnde katma de\u011fer sa\u011flayan tesislerden biri olan D\u00f6rt Mevsim Et Entegre Tesisi, \u00f6nemli ziyaret\u00e7iler a\u011f\u0131rlad\u0131. Bal\u0131kesir Valisi \u0130smail Ustao\u011flu ve \u0130l Tar\u0131m ve Orman M\u00fcd\u00fcr\u00fc Erkan Alkan, b\u00f6lgenin karkas \u00fcretiminde \u00fclke genelinde \u00f6nemli bir yere sahip olan&#8230;<\/p>\n","protected":false},"author":1,"featured_media":8725,"comment_status":"closed","ping_status":"closed","sticky":false,"template":"","format":"standard","meta":{"footnotes":""},"categories":[20],"tags":[],"class_list":["post-8724","post","type-post","status-publish","format-standard","has-post-thumbnail","hentry","category-guncel"],"_links":{"self":[{"href":"http:\/\/gazetevizyon.com\/index.php?rest_route=\/wp\/v2\/posts\/8724","targetHints":{"allow":["GET"]}}],"collection":[{"href":"http:\/\/gazetevizyon.com\/index.php?rest_route=\/wp\/v2\/posts"}],"about":[{"href":"http:\/\/gazetevizyon.com\/index.php?rest_route=\/wp\/v2\/types\/post"}],"author":[{"embeddable":true,"href":"http:\/\/gazetevizyon.com\/index.php?rest_route=\/wp\/v2\/users\/1"}],"replies":[{"embeddable":true,"href":"http:\/\/gazetevizyon.com\/index.php?rest_route=%2Fwp%2Fv2%2Fcomments&post=8724"}],"version-history":[{"count":0,"href":"http:\/\/gazetevizyon.com\/index.php?rest_route=\/wp\/v2\/posts\/8724\/revisions"}],"wp:featuredmedia":[{"embeddable":true,"href":"http:\/\/gazetevizyon.com\/index.php?rest_route=\/wp\/v2\/media\/8725"}],"wp:attachment":[{"href":"http:\/\/gazetevizyon.com\/index.php?rest_route=%2Fwp%2Fv2%2Fmedia&parent=8724"}],"wp:term":[{"taxonomy":"category","embeddable":true,"href":"http:\/\/gazetevizyon.com\/index.php?rest_route=%2Fwp%2Fv2%2Fcategories&post=8724"},{"taxonomy":"post_tag","embeddable":true,"href":"http:\/\/gazetevizyon.com\/index.php?rest_route=%2Fwp%2Fv2%2Ftags&post=8724"}],"curies":[{"name":"wp","href":"https:\/\/api.w.org\/{rel}","templated":true}]}}