{"id":8973,"date":"2024-06-08T13:36:53","date_gmt":"2024-06-08T13:36:53","guid":{"rendered":"http:\/\/gazetevizyon.com\/?p=8973"},"modified":"2024-06-08T13:36:53","modified_gmt":"2024-06-08T13:36:53","slug":"nazim-hikmet-ran-anma-konseri","status":"publish","type":"post","link":"http:\/\/gazetevizyon.com\/?p=8973","title":{"rendered":"N\u00e2z\u0131m Hikmet Ran Anma Konseri"},"content":{"rendered":"<p>Sanat\u00e7\u0131 Onur Yaman, 9 Haziran Pazar g\u00fcn\u00fc Gazi Mustafa Kemal Atat\u00fcrk Ya\u015fam Kompleksi&#8217;nde ger\u00e7ekle\u015ftirilecek &#8220;N\u00e2z\u0131m Hikmet Ran Anma Konseri&#8221;nde sahne alacak. Etkinlik, saat 20.30&#8217;da ba\u015flayacak ve &#8220;\u015eiirler &amp; \u015eark\u0131lar&#8221; temas\u0131 alt\u0131nda d\u00fczenlenecek. Ayy\u0131ld\u0131z Amfi Tiyatro Sahnesi&#8217;nde ger\u00e7ekle\u015fecek olan bu \u00f6zel etkinlik, halk\u0131n \u00fccretsiz olarak kat\u0131l\u0131m\u0131na a\u00e7\u0131k olacak. Etkinli\u011fin amac\u0131, b\u00fcy\u00fck \u015fair N\u00e2z\u0131m Hikmet Ran&#8217;\u0131 anmak ve sanatseverleri bir araya getirmek. T\u00fcm halk\u0131m\u0131z davetlidir.<\/p>\n","protected":false},"excerpt":{"rendered":"<p>Sanat\u00e7\u0131 Onur Yaman, 9 Haziran Pazar g\u00fcn\u00fc Gazi Mustafa Kemal Atat\u00fcrk Ya\u015fam Kompleksi&#8217;nde ger\u00e7ekle\u015ftirilecek &#8220;N\u00e2z\u0131m Hikmet Ran Anma Konseri&#8221;nde sahne alacak. Etkinlik, saat 20.30&#8217;da ba\u015flayacak ve &#8220;\u015eiirler &amp; \u015eark\u0131lar&#8221; temas\u0131 alt\u0131nda d\u00fczenlenecek. Ayy\u0131ld\u0131z Amfi Tiyatro Sahnesi&#8217;nde ger\u00e7ekle\u015fecek olan bu \u00f6zel&#8230;<\/p>\n","protected":false},"author":1,"featured_media":8974,"comment_status":"closed","ping_status":"closed","sticky":false,"template":"","format":"standard","meta":{"footnotes":""},"categories":[36],"tags":[],"class_list":["post-8973","post","type-post","status-publish","format-standard","has-post-thumbnail","hentry","category-manset"],"_links":{"self":[{"href":"http:\/\/gazetevizyon.com\/index.php?rest_route=\/wp\/v2\/posts\/8973","targetHints":{"allow":["GET"]}}],"collection":[{"href":"http:\/\/gazetevizyon.com\/index.php?rest_route=\/wp\/v2\/posts"}],"about":[{"href":"http:\/\/gazetevizyon.com\/index.php?rest_route=\/wp\/v2\/types\/post"}],"author":[{"embeddable":true,"href":"http:\/\/gazetevizyon.com\/index.php?rest_route=\/wp\/v2\/users\/1"}],"replies":[{"embeddable":true,"href":"http:\/\/gazetevizyon.com\/index.php?rest_route=%2Fwp%2Fv2%2Fcomments&post=8973"}],"version-history":[{"count":0,"href":"http:\/\/gazetevizyon.com\/index.php?rest_route=\/wp\/v2\/posts\/8973\/revisions"}],"wp:featuredmedia":[{"embeddable":true,"href":"http:\/\/gazetevizyon.com\/index.php?rest_route=\/wp\/v2\/media\/8974"}],"wp:attachment":[{"href":"http:\/\/gazetevizyon.com\/index.php?rest_route=%2Fwp%2Fv2%2Fmedia&parent=8973"}],"wp:term":[{"taxonomy":"category","embeddable":true,"href":"http:\/\/gazetevizyon.com\/index.php?rest_route=%2Fwp%2Fv2%2Fcategories&post=8973"},{"taxonomy":"post_tag","embeddable":true,"href":"http:\/\/gazetevizyon.com\/index.php?rest_route=%2Fwp%2Fv2%2Ftags&post=8973"}],"curies":[{"name":"wp","href":"https:\/\/api.w.org\/{rel}","templated":true}]}}