{"id":9519,"date":"2024-06-30T17:31:16","date_gmt":"2024-06-30T17:31:16","guid":{"rendered":"http:\/\/gazetevizyon.com\/?p=9519"},"modified":"2024-06-30T17:31:16","modified_gmt":"2024-06-30T17:31:16","slug":"susurluktaki-orman-yangini-kontrol-altina-alindi","status":"publish","type":"post","link":"http:\/\/gazetevizyon.com\/?p=9519","title":{"rendered":"Susurluk&#8217;taki Orman Yang\u0131n\u0131 Kontrol Alt\u0131na Al\u0131nd\u0131"},"content":{"rendered":"<p>Bal\u0131kesir&#8217;in Susurluk il\u00e7esindeki S\u00fclecek Mahallesi&#8217;nde meydana gelen orman yang\u0131n\u0131, yetkililerin yo\u011fun m\u00fccadelesi sonunda kontrol alt\u0131na al\u0131nd\u0131.<\/p>\n<p>Yang\u0131n, orman i\u015f\u00e7ileri ve itfaiye ekiplerinin b\u00fcy\u00fck \u00e7abalar\u0131 sayesinde daha fazla yay\u0131lmadan durduruldu. \u015eu anda ekipler, yang\u0131n\u0131n tamamen s\u00f6nd\u00fc\u011f\u00fcnden emin olmak i\u00e7in so\u011futma \u00e7al\u0131\u015fmalar\u0131na devam ediyor.<\/p>\n<p>Bu zorlu g\u00f6revde yer alan orman i\u015f\u00e7ileri ve itfaiye ekipleri, sergiledikleri \u00f6zverili m\u00fccadeleyle b\u00fcy\u00fck takdir toplad\u0131. Bal\u0131kesir Orman B\u00f6lge M\u00fcd\u00fcrl\u00fc\u011f\u00fc&#8217;n\u00fcn yapt\u0131\u011f\u0131 a\u00e7\u0131klamada, yang\u0131n\u0131n k\u0131sa s\u00fcrede kontrol alt\u0131na al\u0131nmas\u0131n\u0131n \u00f6nemine vurgu yap\u0131ld\u0131.<\/p>\n<p>Yetkililer, yang\u0131n\u0131n \u00e7\u0131k\u0131\u015f nedenine ili\u015fkin soru\u015fturman\u0131n s\u00fcrd\u00fc\u011f\u00fcn\u00fc belirtti.<\/p>\n","protected":false},"excerpt":{"rendered":"<p>Bal\u0131kesir&#8217;in Susurluk il\u00e7esindeki S\u00fclecek Mahallesi&#8217;nde meydana gelen orman yang\u0131n\u0131, yetkililerin yo\u011fun m\u00fccadelesi sonunda kontrol alt\u0131na al\u0131nd\u0131. Yang\u0131n, orman i\u015f\u00e7ileri ve itfaiye ekiplerinin b\u00fcy\u00fck \u00e7abalar\u0131 sayesinde daha fazla yay\u0131lmadan durduruldu. \u015eu anda ekipler, yang\u0131n\u0131n tamamen s\u00f6nd\u00fc\u011f\u00fcnden emin olmak i\u00e7in so\u011futma \u00e7al\u0131\u015fmalar\u0131na&#8230;<\/p>\n","protected":false},"author":1,"featured_media":9520,"comment_status":"closed","ping_status":"closed","sticky":false,"template":"","format":"standard","meta":{"footnotes":""},"categories":[20],"tags":[],"class_list":["post-9519","post","type-post","status-publish","format-standard","has-post-thumbnail","hentry","category-guncel"],"_links":{"self":[{"href":"http:\/\/gazetevizyon.com\/index.php?rest_route=\/wp\/v2\/posts\/9519","targetHints":{"allow":["GET"]}}],"collection":[{"href":"http:\/\/gazetevizyon.com\/index.php?rest_route=\/wp\/v2\/posts"}],"about":[{"href":"http:\/\/gazetevizyon.com\/index.php?rest_route=\/wp\/v2\/types\/post"}],"author":[{"embeddable":true,"href":"http:\/\/gazetevizyon.com\/index.php?rest_route=\/wp\/v2\/users\/1"}],"replies":[{"embeddable":true,"href":"http:\/\/gazetevizyon.com\/index.php?rest_route=%2Fwp%2Fv2%2Fcomments&post=9519"}],"version-history":[{"count":0,"href":"http:\/\/gazetevizyon.com\/index.php?rest_route=\/wp\/v2\/posts\/9519\/revisions"}],"wp:featuredmedia":[{"embeddable":true,"href":"http:\/\/gazetevizyon.com\/index.php?rest_route=\/wp\/v2\/media\/9520"}],"wp:attachment":[{"href":"http:\/\/gazetevizyon.com\/index.php?rest_route=%2Fwp%2Fv2%2Fmedia&parent=9519"}],"wp:term":[{"taxonomy":"category","embeddable":true,"href":"http:\/\/gazetevizyon.com\/index.php?rest_route=%2Fwp%2Fv2%2Fcategories&post=9519"},{"taxonomy":"post_tag","embeddable":true,"href":"http:\/\/gazetevizyon.com\/index.php?rest_route=%2Fwp%2Fv2%2Ftags&post=9519"}],"curies":[{"name":"wp","href":"https:\/\/api.w.org\/{rel}","templated":true}]}}